{"id":405,"date":"2024-01-04T10:29:23","date_gmt":"2024-01-04T09:29:23","guid":{"rendered":"https:\/\/weberestates.com\/?p=405"},"modified":"2025-02-05T12:34:25","modified_gmt":"2025-02-05T11:34:25","slug":"marbella","status":"publish","type":"post","link":"https:\/\/weberestates.com\/en\/marbella\/","title":{"rendered":"Marbella"},"content":{"rendered":"\t\t<div data-elementor-type=\"wp-post\" data-elementor-id=\"405\" class=\"elementor elementor-405\" data-elementor-post-type=\"post\">\n\t\t\t\t<div class=\"elementor-element elementor-element-7893e82 e-flex e-con-boxed elementor-invisible e-con e-parent\" data-id=\"7893e82\" data-element_type=\"container\" data-e-type=\"container\" data-settings=\"{&quot;animation&quot;:&quot;fadeIn&quot;}\">\n\t\t\t\t\t<div class=\"e-con-inner\">\n\t\t<div class=\"elementor-element elementor-element-f1a841d e-con-full e-flex e-con e-child\" data-id=\"f1a841d\" data-element_type=\"container\" data-e-type=\"container\">\n\t\t<div class=\"elementor-element elementor-element-2408055 e-con-full e-flex e-con e-child\" data-id=\"2408055\" data-element_type=\"container\" data-e-type=\"container\">\n\t\t\t\t<div class=\"elementor-element elementor-element-797acd5 elementor-widget__width-inherit elementor-widget elementor-widget-heading\" data-id=\"797acd5\" data-element_type=\"widget\" data-e-type=\"widget\" data-widget_type=\"heading.default\">\n\t\t\t\t<div class=\"elementor-widget-container\">\n\t\t\t\t\t<h1 class=\"elementor-heading-title elementor-size-default\">OM MARBELLA<\/h1>\t\t\t\t<\/div>\n\t\t\t\t<\/div>\n\t\t\t\t<div class=\"elementor-element elementor-element-c7fbdd3 elementor-widget__width-inherit elementor-widget elementor-widget-heading\" data-id=\"c7fbdd3\" data-element_type=\"widget\" data-e-type=\"widget\" data-widget_type=\"heading.default\">\n\t\t\t\t<div class=\"elementor-widget-container\">\n\t\t\t\t\t<span class=\"elementor-heading-title elementor-size-default\">HVORFOR DU B\u00d8R K\u00d8BE BOLIG I MARBELLA<\/span>\t\t\t\t<\/div>\n\t\t\t\t<\/div>\n\t\t\t\t<div class=\"elementor-element elementor-element-1640eb5 metrisch elementor-widget elementor-widget-text-editor\" data-id=\"1640eb5\" data-element_type=\"widget\" data-e-type=\"widget\" data-widget_type=\"text-editor.default\">\n\t\t\t\t<div class=\"elementor-widget-container\">\n\t\t\t\t\t\t\t\t\t<p>Marbella er en foretrukken destination for ferieg\u00e6ster og husejere med de gyldne sandstrande, luksuri\u00f8se levevilk\u00e5r og et varmt klima \u00e5ret rundt. Den engang lille fiskerlandsby er blevet et internationalt hotspot kendt for at tilbyde en sofistikeret livsstil.<\/p><p>Marbella str\u00e6kker sig over en n\u00e6sten 30 km kystlinje, fra Cabo Pino til Guadalmina. Her kan du finde enhver bolig, du kunne dr\u00f8mme om, og vores team hos Weber Estates kan hj\u00e6lpe dig. Fra en hyggelig lejlighed i hjertet af byen til en glamour\u00f8s strandvilla, Marbella tilbyder muligheder for enhver, uanset om du har sat dit hjerte p\u00e5 en investeringsejendom, feriebolig eller fast bop\u00e6l. Vi tilbylder lejligheder, huse og nybyg til salg i Marbella.<\/p>\t\t\t\t\t\t\t\t<\/div>\n\t\t\t\t<\/div>\n\t\t\t\t<div class=\"elementor-element elementor-element-41f7332 elementor-widget-divider--view-line elementor-widget elementor-widget-divider\" data-id=\"41f7332\" data-element_type=\"widget\" data-e-type=\"widget\" data-widget_type=\"divider.default\">\n\t\t\t\t<div class=\"elementor-widget-container\">\n\t\t\t\t\t\t\t<div class=\"elementor-divider\">\n\t\t\t<span class=\"elementor-divider-separator\">\n\t\t\t\t\t\t<\/span>\n\t\t<\/div>\n\t\t\t\t\t\t<\/div>\n\t\t\t\t<\/div>\n\t\t\t\t<div class=\"elementor-element elementor-element-9827533 metrisch elementor-widget elementor-widget-text-editor\" data-id=\"9827533\" data-element_type=\"widget\" data-e-type=\"widget\" data-widget_type=\"text-editor.default\">\n\t\t\t\t<div class=\"elementor-widget-container\">\n\t\t\t\t\t\t\t\t\t<p><a href=\"https:\/\/weberestates.com\/boliger\/?ref=&amp;location%5B%5D=San+Pedro+de+Alc%C3%A1ntara&amp;beds=&amp;min=0&amp;max=90000000\">San Pedro de Alc\u00e1ntara<\/a> | <a href=\"https:\/\/weberestates.com\/boliger\/?ref=&amp;location%5B%5D=Guadalmina+Alta&amp;location%5B%5D=Guadalmina+Baja&amp;beds=&amp;min=0&amp;max=90000000\">Guadalmina<\/a> | <a href=\"https:\/\/weberestates.com\/boliger\/?ref=&amp;location%5B%5D=Nueva+Andaluc%C3%ADa&amp;beds=&amp;min=0&amp;max=90000000\">Nueva Andaluc\u00eda<\/a> | <a href=\"https:\/\/weberestates.com\/boliger\/?ref=&amp;location%5B%5D=Puerto+Ban%C3%BAs&amp;beds=&amp;min=0&amp;max=90000000\">Puerto Ban\u00fas<\/a> | <a href=\"https:\/\/weberestates.com\/boliger\/?ref=&amp;location%5B%5D=Aloha&amp;beds=&amp;min=0&amp;max=90000000\">Aloha<\/a> | <a href=\"https:\/\/weberestates.com\/boliger\/?ref=&amp;location%5B%5D=Las+Brisas&amp;beds=&amp;min=0&amp;max=90000000\">Las Brisas<\/a> | Los Naranjos | <a href=\"https:\/\/weberestates.com\/boliger\/?ref=&amp;location%5B%5D=Nag%C3%BCeles&amp;beds=&amp;min=0&amp;max=90000000\">Nag\u00fceles<\/a> | <a href=\"https:\/\/weberestates.com\/boliger\/?ref=&amp;location%5B%5D=Sierra+Blanca&amp;beds=&amp;min=0&amp;max=90000000\">Sierra Blanca<\/a> | <a href=\"https:\/\/weberestates.com\/boliger\/?ref=&amp;location%5B%5D=The+Golden+Mile&amp;beds=&amp;min=0&amp;max=90000000\">Golden Mile<\/a> | Puente Romano | <a href=\"https:\/\/weberestates.com\/boliger\/?ref=&amp;location%5B%5D=La+Quinta&amp;beds=&amp;min=0&amp;max=90000000\">La Quinta<\/a><\/p>\t\t\t\t\t\t\t\t<\/div>\n\t\t\t\t<\/div>\n\t\t\t\t<div class=\"elementor-element elementor-element-0a4eebb elementor-mobile-align-center elementor-align-left elementor-widget elementor-widget-button\" data-id=\"0a4eebb\" data-element_type=\"widget\" data-e-type=\"widget\" data-widget_type=\"button.default\">\n\t\t\t\t<div class=\"elementor-widget-container\">\n\t\t\t\t\t\t\t\t\t<div class=\"elementor-button-wrapper\">\n\t\t\t\t\t<a class=\"elementor-button elementor-button-link elementor-size-sm\" href=\"#properties\">\n\t\t\t\t\t\t<span class=\"elementor-button-content-wrapper\">\n\t\t\t\t\t\t\t\t\t<span class=\"elementor-button-text\">SE BOLIGER <\/span>\n\t\t\t\t\t<\/span>\n\t\t\t\t\t<\/a>\n\t\t\t\t<\/div>\n\t\t\t\t\t\t\t\t<\/div>\n\t\t\t\t<\/div>\n\t\t\t\t<\/div>\n\t\t\t\t<\/div>\n\t\t<div class=\"elementor-element elementor-element-032472a e-con-full e-flex e-con e-child\" data-id=\"032472a\" data-element_type=\"container\" data-e-type=\"container\" data-settings=\"{&quot;background_background&quot;:&quot;video&quot;,&quot;background_video_link&quot;:&quot;https:\\\/\\\/www.youtube.com\\\/watch?v=lregHl1T7ig&quot;,&quot;background_video_start&quot;:5,&quot;background_play_on_mobile&quot;:&quot;yes&quot;}\">\n\t\t<div class=\"elementor-background-video-container\">\n\t\t\t\t\t\t\t<div class=\"elementor-background-video-embed\" role=\"presentation\"><\/div>\n\t\t\t\t\t\t<\/div>\t\t<div class=\"elementor-element elementor-element-da32d7f e-transform elementor-widget elementor-widget-image\" data-id=\"da32d7f\" data-element_type=\"widget\" data-e-type=\"widget\" data-settings=\"{&quot;_transform_scale_effect&quot;:{&quot;unit&quot;:&quot;px&quot;,&quot;size&quot;:0,&quot;sizes&quot;:[]},&quot;_transform_scale_effect_tablet_extra&quot;:{&quot;unit&quot;:&quot;px&quot;,&quot;size&quot;:&quot;&quot;,&quot;sizes&quot;:[]},&quot;_transform_scale_effect_tablet&quot;:{&quot;unit&quot;:&quot;px&quot;,&quot;size&quot;:&quot;&quot;,&quot;sizes&quot;:[]},&quot;_transform_scale_effect_mobile_extra&quot;:{&quot;unit&quot;:&quot;px&quot;,&quot;size&quot;:&quot;&quot;,&quot;sizes&quot;:[]},&quot;_transform_scale_effect_mobile&quot;:{&quot;unit&quot;:&quot;px&quot;,&quot;size&quot;:&quot;&quot;,&quot;sizes&quot;:[]}}\" data-widget_type=\"image.default\">\n\t\t\t\t<div class=\"elementor-widget-container\">\n\t\t\t\t\t\t\t\t\t\t\t\t\t\t\t<img loading=\"lazy\" decoding=\"async\" width=\"150\" height=\"150\" src=\"https:\/\/weberestates.com\/wp-content\/uploads\/2024\/01\/shutterstock_1957651345-150x150.jpg\" class=\"attachment-thumbnail size-thumbnail wp-image-470\" alt=\"Bjergejendomme til salg i Marbella - Weber Estates\" \/>\t\t\t\t\t\t\t\t\t\t\t\t\t\t\t<\/div>\n\t\t\t\t<\/div>\n\t\t\t\t<\/div>\n\t\t\t\t\t<\/div>\n\t\t\t\t<\/div>\n\t\t<div class=\"elementor-element elementor-element-5b79603 e-flex e-con-boxed elementor-invisible e-con e-parent\" data-id=\"5b79603\" data-element_type=\"container\" data-e-type=\"container\" data-settings=\"{&quot;animation&quot;:&quot;fadeIn&quot;}\">\n\t\t\t\t\t<div class=\"e-con-inner\">\n\t\t<div class=\"elementor-element elementor-element-fb6ea9c e-con-full e-flex e-con e-child\" data-id=\"fb6ea9c\" data-element_type=\"container\" data-e-type=\"container\" data-settings=\"{&quot;background_background&quot;:&quot;classic&quot;}\">\n\t\t\t\t<div class=\"elementor-element elementor-element-21af087 e-transform elementor-widget elementor-widget-image\" data-id=\"21af087\" data-element_type=\"widget\" data-e-type=\"widget\" data-settings=\"{&quot;_transform_scale_effect&quot;:{&quot;unit&quot;:&quot;px&quot;,&quot;size&quot;:0,&quot;sizes&quot;:[]},&quot;_transform_scale_effect_tablet_extra&quot;:{&quot;unit&quot;:&quot;px&quot;,&quot;size&quot;:&quot;&quot;,&quot;sizes&quot;:[]},&quot;_transform_scale_effect_tablet&quot;:{&quot;unit&quot;:&quot;px&quot;,&quot;size&quot;:&quot;&quot;,&quot;sizes&quot;:[]},&quot;_transform_scale_effect_mobile_extra&quot;:{&quot;unit&quot;:&quot;px&quot;,&quot;size&quot;:&quot;&quot;,&quot;sizes&quot;:[]},&quot;_transform_scale_effect_mobile&quot;:{&quot;unit&quot;:&quot;px&quot;,&quot;size&quot;:&quot;&quot;,&quot;sizes&quot;:[]}}\" data-widget_type=\"image.default\">\n\t\t\t\t<div class=\"elementor-widget-container\">\n\t\t\t\t\t\t\t\t\t\t\t\t\t\t\t<img loading=\"lazy\" decoding=\"async\" width=\"150\" height=\"150\" src=\"https:\/\/weberestates.com\/wp-content\/uploads\/2024\/01\/shutterstock_2184268905-150x150.jpg\" class=\"attachment-thumbnail size-thumbnail wp-image-471\" alt=\"Ejendom til salg i Marbella Costa del Sol - Weber Estates\" \/>\t\t\t\t\t\t\t\t\t\t\t\t\t\t\t<\/div>\n\t\t\t\t<\/div>\n\t\t\t\t<\/div>\n\t\t<div class=\"elementor-element elementor-element-c917cad e-con-full e-flex e-con e-child\" data-id=\"c917cad\" data-element_type=\"container\" data-e-type=\"container\">\n\t\t<div class=\"elementor-element elementor-element-afa4e93 e-con-full e-flex e-con e-child\" data-id=\"afa4e93\" data-element_type=\"container\" data-e-type=\"container\">\n\t\t\t\t<div class=\"elementor-element elementor-element-dcffab7 elementor-widget__width-inherit elementor-widget elementor-widget-heading\" data-id=\"dcffab7\" data-element_type=\"widget\" data-e-type=\"widget\" data-widget_type=\"heading.default\">\n\t\t\t\t<div class=\"elementor-widget-container\">\n\t\t\t\t\t<h2 class=\"elementor-heading-title elementor-size-default\">LEDER DU EFTER MODERNE LUKSUS BOLIGER TIL SALG I MARBELLA?<\/h2>\t\t\t\t<\/div>\n\t\t\t\t<\/div>\n\t\t\t\t<div class=\"elementor-element elementor-element-f9ec931 metrisch elementor-widget-tablet__width-initial elementor-widget elementor-widget-text-editor\" data-id=\"f9ec931\" data-element_type=\"widget\" data-e-type=\"widget\" data-widget_type=\"text-editor.default\">\n\t\t\t\t<div class=\"elementor-widget-container\">\n\t\t\t\t\t\t\t\t\t<p>Marbella bliver ofte omtalt som legepladsen for de rige og ber\u00f8mte og inkluderer nogle af de mest eksklusive omr\u00e5der langs Costa del Sol med f\u00f8rsteklasses faciliteter. Nogle af Marbellas fineste villaer kan findes inden for La Zagaleta, som er kendt for at v\u00e6re et ultra-luksuri\u00f8st privat resort, langs den ber\u00f8mte Golden Mile eller i Puerto Ban\u00fas, hvor chic er standarden.<\/p><p>Vi kan hj\u00e6lpe dig med at finde den perfekte luksus bolig i Marbella p\u00e5 det yderst konkurrencepr\u00e6gede boligmarked. Marbella er helt klart en af de mest popul\u00e6re kosmopolitiske byer p\u00e5 Costa del Sol. Uanset om du leder efter en smuk strandvilla til salg eller et mere beskedent dr\u00f8mmehjem, har vi viden, erfaring og kontakter til at hj\u00e6lpe dig med at finde din perfekte bolig.<\/p>\t\t\t\t\t\t\t\t<\/div>\n\t\t\t\t<\/div>\n\t\t\t\t<div class=\"elementor-element elementor-element-a5efcfa metrisch elementor-mobile-align-center elementor-widget elementor-widget-button\" data-id=\"a5efcfa\" data-element_type=\"widget\" data-e-type=\"widget\" data-widget_type=\"button.default\">\n\t\t\t\t<div class=\"elementor-widget-container\">\n\t\t\t\t\t\t\t\t\t<div class=\"elementor-button-wrapper\">\n\t\t\t\t\t<a class=\"elementor-button elementor-button-link elementor-size-sm\" href=\"https:\/\/weberestates.com\/kontakt\/\">\n\t\t\t\t\t\t<span class=\"elementor-button-content-wrapper\">\n\t\t\t\t\t\t\t\t\t<span class=\"elementor-button-text\">KONTAKT OS<\/span>\n\t\t\t\t\t<\/span>\n\t\t\t\t\t<\/a>\n\t\t\t\t<\/div>\n\t\t\t\t\t\t\t\t<\/div>\n\t\t\t\t<\/div>\n\t\t\t\t<\/div>\n\t\t\t\t<\/div>\n\t\t\t\t\t<\/div>\n\t\t\t\t<\/div>\n\t\t<div class=\"elementor-element elementor-element-9fd9649 e-flex e-con-boxed elementor-invisible e-con e-parent\" data-id=\"9fd9649\" data-element_type=\"container\" data-e-type=\"container\" data-settings=\"{&quot;animation&quot;:&quot;fadeIn&quot;}\">\n\t\t\t\t\t<div class=\"e-con-inner\">\n\t\t<div class=\"elementor-element elementor-element-0453596 e-con-full e-flex e-con e-child\" data-id=\"0453596\" data-element_type=\"container\" data-e-type=\"container\">\n\t\t<div class=\"elementor-element elementor-element-5910ed8 e-con-full e-flex e-con e-child\" data-id=\"5910ed8\" data-element_type=\"container\" data-e-type=\"container\">\n\t\t\t\t<div class=\"elementor-element elementor-element-d2f3371 elementor-widget__width-inherit elementor-widget elementor-widget-heading\" data-id=\"d2f3371\" data-element_type=\"widget\" data-e-type=\"widget\" data-widget_type=\"heading.default\">\n\t\t\t\t<div class=\"elementor-widget-container\">\n\t\t\t\t\t<h2 class=\"elementor-heading-title elementor-size-default\">GOLDEN MILE MARBELLA<\/h2>\t\t\t\t<\/div>\n\t\t\t\t<\/div>\n\t\t\t\t<div class=\"elementor-element elementor-element-caa31e8 metrisch elementor-widget-tablet__width-initial elementor-widget elementor-widget-text-editor\" data-id=\"caa31e8\" data-element_type=\"widget\" data-e-type=\"widget\" data-widget_type=\"text-editor.default\">\n\t\t\t\t<div class=\"elementor-widget-container\">\n\t\t\t\t\t\t\t\t\t<p>Som en af de mest eftertragtede postnumre i Spanien betragtes denne 6,5 km lange str\u00e6kning som h\u00f8jdepunktet i Marbella, og med god grund. Med smukke strande, en livlig promenade, high-end modebutikker og enest\u00e5ende gastronomi anbefaler vi kraftigt at eje en luksusbolig her, for at nyde godt af det hele!<\/p><p>Golden Mile er permanent efterspurgt, men med stigningen i mange nye byggerier i Marbella er\u00a0 muligheden for at eje en lille del af dette paradis en realitet.<\/p>\t\t\t\t\t\t\t\t<\/div>\n\t\t\t\t<\/div>\n\t\t\t\t<\/div>\n\t\t\t\t<\/div>\n\t\t<div class=\"elementor-element elementor-element-90bbcb1 e-con-full e-flex e-con e-child\" data-id=\"90bbcb1\" data-element_type=\"container\" data-e-type=\"container\" data-settings=\"{&quot;background_background&quot;:&quot;classic&quot;}\">\n\t\t\t\t<div class=\"elementor-element elementor-element-3e41c8d e-transform elementor-widget elementor-widget-image\" data-id=\"3e41c8d\" data-element_type=\"widget\" data-e-type=\"widget\" data-settings=\"{&quot;_transform_scale_effect&quot;:{&quot;unit&quot;:&quot;px&quot;,&quot;size&quot;:0,&quot;sizes&quot;:[]},&quot;_transform_scale_effect_tablet_extra&quot;:{&quot;unit&quot;:&quot;px&quot;,&quot;size&quot;:&quot;&quot;,&quot;sizes&quot;:[]},&quot;_transform_scale_effect_tablet&quot;:{&quot;unit&quot;:&quot;px&quot;,&quot;size&quot;:&quot;&quot;,&quot;sizes&quot;:[]},&quot;_transform_scale_effect_mobile_extra&quot;:{&quot;unit&quot;:&quot;px&quot;,&quot;size&quot;:&quot;&quot;,&quot;sizes&quot;:[]},&quot;_transform_scale_effect_mobile&quot;:{&quot;unit&quot;:&quot;px&quot;,&quot;size&quot;:&quot;&quot;,&quot;sizes&quot;:[]}}\" data-widget_type=\"image.default\">\n\t\t\t\t<div class=\"elementor-widget-container\">\n\t\t\t\t\t\t\t\t\t\t\t\t\t\t\t<img loading=\"lazy\" decoding=\"async\" width=\"150\" height=\"150\" src=\"https:\/\/weberestates.com\/wp-content\/uploads\/2024\/01\/shutterstock_1884963211-150x150.jpg\" class=\"attachment-thumbnail size-thumbnail wp-image-472\" alt=\"Luksus strandhuse til salg - Weber Estates\" \/>\t\t\t\t\t\t\t\t\t\t\t\t\t\t\t<\/div>\n\t\t\t\t<\/div>\n\t\t\t\t<\/div>\n\t\t\t\t\t<\/div>\n\t\t\t\t<\/div>\n\t\t<div class=\"elementor-element elementor-element-072e17c e-flex e-con-boxed elementor-invisible e-con e-parent\" data-id=\"072e17c\" data-element_type=\"container\" data-e-type=\"container\" data-settings=\"{&quot;animation&quot;:&quot;fadeIn&quot;}\">\n\t\t\t\t\t<div class=\"e-con-inner\">\n\t\t<div class=\"elementor-element elementor-element-63d44a2 e-con-full e-flex e-con e-child\" data-id=\"63d44a2\" data-element_type=\"container\" data-e-type=\"container\" data-settings=\"{&quot;background_background&quot;:&quot;classic&quot;}\">\n\t\t\t\t<div class=\"elementor-element elementor-element-e06df60 e-transform elementor-widget elementor-widget-image\" data-id=\"e06df60\" data-element_type=\"widget\" data-e-type=\"widget\" data-settings=\"{&quot;_transform_scale_effect&quot;:{&quot;unit&quot;:&quot;px&quot;,&quot;size&quot;:0,&quot;sizes&quot;:[]},&quot;_transform_scale_effect_tablet_extra&quot;:{&quot;unit&quot;:&quot;px&quot;,&quot;size&quot;:&quot;&quot;,&quot;sizes&quot;:[]},&quot;_transform_scale_effect_tablet&quot;:{&quot;unit&quot;:&quot;px&quot;,&quot;size&quot;:&quot;&quot;,&quot;sizes&quot;:[]},&quot;_transform_scale_effect_mobile_extra&quot;:{&quot;unit&quot;:&quot;px&quot;,&quot;size&quot;:&quot;&quot;,&quot;sizes&quot;:[]},&quot;_transform_scale_effect_mobile&quot;:{&quot;unit&quot;:&quot;px&quot;,&quot;size&quot;:&quot;&quot;,&quot;sizes&quot;:[]}}\" data-widget_type=\"image.default\">\n\t\t\t\t<div class=\"elementor-widget-container\">\n\t\t\t\t\t\t\t\t\t\t\t\t\t\t\t<img loading=\"lazy\" decoding=\"async\" width=\"150\" height=\"150\" src=\"https:\/\/weberestates.com\/wp-content\/uploads\/2024\/01\/shutterstock_2184268905-150x150.jpg\" class=\"attachment-thumbnail size-thumbnail wp-image-471\" alt=\"Ejendom til salg i Marbella Costa del Sol - Weber Estates\" \/>\t\t\t\t\t\t\t\t\t\t\t\t\t\t\t<\/div>\n\t\t\t\t<\/div>\n\t\t\t\t<\/div>\n\t\t<div class=\"elementor-element elementor-element-104e8ce e-con-full e-flex e-con e-child\" data-id=\"104e8ce\" data-element_type=\"container\" data-e-type=\"container\">\n\t\t<div class=\"elementor-element elementor-element-a0f2a9a e-con-full e-flex e-con e-child\" data-id=\"a0f2a9a\" data-element_type=\"container\" data-e-type=\"container\">\n\t\t\t\t<div class=\"elementor-element elementor-element-605193a elementor-widget__width-inherit elementor-widget elementor-widget-heading\" data-id=\"605193a\" data-element_type=\"widget\" data-e-type=\"widget\" data-widget_type=\"heading.default\">\n\t\t\t\t<div class=\"elementor-widget-container\">\n\t\t\t\t\t<h2 class=\"elementor-heading-title elementor-size-default\">HVAD ER DER AT LAVE?<\/h2>\t\t\t\t<\/div>\n\t\t\t\t<\/div>\n\t\t\t\t<div class=\"elementor-element elementor-element-139d43a metrisch elementor-widget-tablet__width-initial elementor-widget elementor-widget-text-editor\" data-id=\"139d43a\" data-element_type=\"widget\" data-e-type=\"widget\" data-widget_type=\"text-editor.default\">\n\t\t\t\t<div class=\"elementor-widget-container\">\n\t\t\t\t\t\t\t\t\t<p>Der er mange sider af Marbella; det er ikke kun glans og glamour, du kan v\u00e6re lige s\u00e5 afslappet som du \u00f8nsker. Tag en spadseretur, shop eller spis i den gamle bydel. G\u00e5 en tur ned ad Avenida del Mar prydet med Picasso-statuer eller slap af p\u00e5 promenaden med udsigt over de gyldne sandstrande.<\/p><p>N\u00e5r det kommer til sp\u00e6nding, skuffer Marbella ikke. Bes\u00f8g havnene i Marbella og Puerto Ban\u00fas, strandklubber (herunder verdensber\u00f8mte steder som Nikki Beach Marbella), og pr\u00f8v verdensklasse gastronomi. Der er et enormt udvalg af restauranter, mange beliggende i Puente Romano Beach Resort, der serverer alle typer k\u00f8kkener, fra traditionel spansk mad til peruansk og Michelin-stjerne-restauranter; valget er dit.<\/p><p>Hvis udend\u00f8rs aktiviteter er din pr\u00e6ference, er der masser af muligheder for at udforske bjergene, s\u00f8erne og landskabet omkring Marbella i kajak, p\u00e5 cykel, vandreture eller ridning. Kendt som Costa del Golf er denne solbeskinnede str\u00e6kning af kysten ogs\u00e5 rig p\u00e5 frodige golfbaner.<\/p>\t\t\t\t\t\t\t\t<\/div>\n\t\t\t\t<\/div>\n\t\t\t\t<\/div>\n\t\t\t\t<\/div>\n\t\t\t\t\t<\/div>\n\t\t\t\t<\/div>\n\t\t<div class=\"elementor-element elementor-element-806a462 e-flex e-con-boxed e-con e-parent\" data-id=\"806a462\" data-element_type=\"container\" data-e-type=\"container\">\n\t\t\t\t\t<div class=\"e-con-inner\">\n\t\t\t\t<div class=\"elementor-element elementor-element-b142391 elementor-widget elementor-widget-menu-anchor\" data-id=\"b142391\" data-element_type=\"widget\" data-e-type=\"widget\" data-widget_type=\"menu-anchor.default\">\n\t\t\t\t<div class=\"elementor-widget-container\">\n\t\t\t\t\t\t\t<div class=\"elementor-menu-anchor\" id=\"properties\"><\/div>\n\t\t\t\t\t\t<\/div>\n\t\t\t\t<\/div>\n\t\t\t\t\t<\/div>\n\t\t\t\t<\/div>\n\t\t<div class=\"elementor-element elementor-element-e2812b1 e-flex e-con-boxed elementor-invisible e-con e-parent\" data-id=\"e2812b1\" data-element_type=\"container\" data-e-type=\"container\" data-settings=\"{&quot;animation&quot;:&quot;fadeIn&quot;}\">\n\t\t\t\t\t<div class=\"e-con-inner\">\n\t\t\t\t<div class=\"elementor-element elementor-element-438ee20 elementor-widget__width-inherit elementor-widget elementor-widget-heading\" data-id=\"438ee20\" data-element_type=\"widget\" data-e-type=\"widget\" data-widget_type=\"heading.default\">\n\t\t\t\t<div class=\"elementor-widget-container\">\n\t\t\t\t\t<h2 class=\"elementor-heading-title elementor-size-default\">LEDER DU EFTER AT K\u00d8BE BOLIGER TIL SALG I MARBELLA?<\/h2>\t\t\t\t<\/div>\n\t\t\t\t<\/div>\n\t\t\t\t<div class=\"elementor-element elementor-element-c85ea00 metrisch elementor-widget-tablet__width-initial elementor-widget__width-initial elementor-widget elementor-widget-text-editor\" data-id=\"c85ea00\" data-element_type=\"widget\" data-e-type=\"widget\" data-widget_type=\"text-editor.default\">\n\t\t\t\t<div class=\"elementor-widget-container\">\n\t\t\t\t\t\t\t\t\t<p>Klar til en problemfri k\u00f8bsoplevelse? Hos Weber Estates s\u00f8rger vi for at hj\u00e6lpe dig og sikre, at din ejendom p\u00e5 Costa del Sol f\u00f8les som hjemme. Tag et kig p\u00e5 nogle af vores huse til salg i Marbella.<\/p>\t\t\t\t\t\t\t\t<\/div>\n\t\t\t\t<\/div>\n\t\t\t\t<div class=\"elementor-element elementor-element-c1c7b62 elementor-widget elementor-widget-shortcode\" data-id=\"c1c7b62\" data-element_type=\"widget\" data-e-type=\"widget\" data-widget_type=\"shortcode.default\">\n\t\t\t\t<div class=\"elementor-widget-container\">\n\t\t\t\t\t\t\t<div class=\"elementor-shortcode\">[featured_properties]<\/div>\n\t\t\t\t\t\t<\/div>\n\t\t\t\t<\/div>\n\t\t\t\t<div class=\"elementor-element elementor-element-227a537 elementor-widget elementor-widget-spacer\" data-id=\"227a537\" data-element_type=\"widget\" data-e-type=\"widget\" data-widget_type=\"spacer.default\">\n\t\t\t\t<div class=\"elementor-widget-container\">\n\t\t\t\t\t\t\t<div class=\"elementor-spacer\">\n\t\t\t<div class=\"elementor-spacer-inner\"><\/div>\n\t\t<\/div>\n\t\t\t\t\t\t<\/div>\n\t\t\t\t<\/div>\n\t\t\t\t<div class=\"elementor-element elementor-element-22a90f7 elementor-mobile-align-center elementor-align-center elementor-widget elementor-widget-button\" data-id=\"22a90f7\" data-element_type=\"widget\" data-e-type=\"widget\" data-widget_type=\"button.default\">\n\t\t\t\t<div class=\"elementor-widget-container\">\n\t\t\t\t\t\t\t\t\t<div class=\"elementor-button-wrapper\">\n\t\t\t\t\t<a class=\"elementor-button elementor-button-link elementor-size-sm\" href=\"https:\/\/weberestates.com\/boliger\/?beds=&#038;location%5B%5D=Bah%C3%ADa+de+Marbella&#038;location%5B%5D=Marbella&#038;location%5B%5D=Reserva+de+Marbella&#038;max=90000000&#038;min=0&#038;ref=\">\n\t\t\t\t\t\t<span class=\"elementor-button-content-wrapper\">\n\t\t\t\t\t\t\t\t\t<span class=\"elementor-button-text\">SE FLERE BOLIGER <\/span>\n\t\t\t\t\t<\/span>\n\t\t\t\t\t<\/a>\n\t\t\t\t<\/div>\n\t\t\t\t\t\t\t\t<\/div>\n\t\t\t\t<\/div>\n\t\t\t\t\t<\/div>\n\t\t\t\t<\/div>\n\t\t<div class=\"elementor-element elementor-element-e11a9a8 e-con-full e-flex e-con e-parent\" data-id=\"e11a9a8\" data-element_type=\"container\" data-e-type=\"container\">\n\t\t\t\t<div class=\"elementor-element elementor-element-1e4ec98 elementor-widget elementor-widget-shortcode\" data-id=\"1e4ec98\" data-element_type=\"widget\" data-e-type=\"widget\" data-widget_type=\"shortcode.default\">\n\t\t\t\t<div class=\"elementor-widget-container\">\n\t\t\t\t\t\t\t<div class=\"elementor-shortcode\">\t\t<div data-elementor-type=\"container\" data-elementor-id=\"306\" class=\"elementor elementor-306\" data-elementor-post-type=\"elementor_library\">\n\t\t\t\t<div class=\"elementor-element elementor-element-65153942 e-flex e-con-boxed elementor-invisible e-con e-parent\" data-id=\"65153942\" data-element_type=\"container\" data-e-type=\"container\" data-settings=\"{&quot;animation&quot;:&quot;fadeIn&quot;}\">\n\t\t\t\t\t<div class=\"e-con-inner\">\n\t\t\t\t<div class=\"elementor-element elementor-element-0c02229 elementor-widget elementor-widget-image\" data-id=\"0c02229\" data-element_type=\"widget\" data-e-type=\"widget\" data-widget_type=\"image.default\">\n\t\t\t\t<div class=\"elementor-widget-container\">\n\t\t\t\t\t\t\t\t\t\t\t\t\t\t\t<img decoding=\"async\" src=\"https:\/\/weberestates.com\/wp-content\/uploads\/2023\/12\/Weber_Estates-logo_color.svg\" class=\"attachment-full size-full wp-image-333\" alt=\"Weber Estates horizontal logo - Weber Estates\" \/>\t\t\t\t\t\t\t\t\t\t\t\t\t\t\t<\/div>\n\t\t\t\t<\/div>\n\t\t\t\t<div class=\"elementor-element elementor-element-3eef3ee0 elementor-widget__width-inherit elementor-widget elementor-widget-heading\" data-id=\"3eef3ee0\" data-element_type=\"widget\" data-e-type=\"widget\" data-widget_type=\"heading.default\">\n\t\t\t\t<div class=\"elementor-widget-container\">\n\t\t\t\t\t<h2 class=\"elementor-heading-title elementor-size-default\">SKAL DU S\u00c6LGE ELLER K\u00d8BE EN EJENDOM<\/h2>\t\t\t\t<\/div>\n\t\t\t\t<\/div>\n\t\t\t\t<div class=\"elementor-element elementor-element-2b954e23 elementor-widget__width-inherit elementor-widget elementor-widget-heading\" data-id=\"2b954e23\" data-element_type=\"widget\" data-e-type=\"widget\" data-widget_type=\"heading.default\">\n\t\t\t\t<div class=\"elementor-widget-container\">\n\t\t\t\t\t<span class=\"elementor-heading-title elementor-size-default\">P\u00c5 COSTA DEL SOL<\/span>\t\t\t\t<\/div>\n\t\t\t\t<\/div>\n\t\t\t\t<div class=\"elementor-element elementor-element-58653d14 metrisch elementor-widget-tablet__width-initial elementor-widget elementor-widget-text-editor\" data-id=\"58653d14\" data-element_type=\"widget\" data-e-type=\"widget\" data-widget_type=\"text-editor.default\">\n\t\t\t\t<div class=\"elementor-widget-container\">\n\t\t\t\t\t\t\t\t\t<p>Kontakt os i dag, og vi vil hj\u00e6lpe dig hele vejen.<\/p>\t\t\t\t\t\t\t\t<\/div>\n\t\t\t\t<\/div>\n\t\t\t\t<div class=\"elementor-element elementor-element-deb2496 elementor-button-align-end elementor-widget__width-initial metrisch elementor-widget elementor-widget-global elementor-global-1004 elementor-widget-form\" data-id=\"deb2496\" data-element_type=\"widget\" data-e-type=\"widget\" data-settings=\"{&quot;step_next_label&quot;:&quot;Next&quot;,&quot;step_previous_label&quot;:&quot;Previous&quot;,&quot;button_width&quot;:&quot;100&quot;,&quot;step_type&quot;:&quot;number_text&quot;,&quot;step_icon_shape&quot;:&quot;circle&quot;}\" data-no-translation=\"\" data-widget_type=\"form.default\">\n\t\t\t\t<div class=\"elementor-widget-container\">\n\t\t\t\t\t<style>.elementor-element-deb2496{display:none !important}<\/style>\t\t\t\t<\/div>\n\t\t\t\t<\/div>\n\t\t\t\t<div class=\"elementor-element elementor-element-913be65 elementor-button-align-end elementor-widget__width-initial metrisch elementor-widget elementor-widget-global elementor-global-1001 elementor-widget-form\" data-id=\"913be65\" data-element_type=\"widget\" data-e-type=\"widget\" data-settings=\"{&quot;step_next_label&quot;:&quot;Next&quot;,&quot;step_previous_label&quot;:&quot;Previous&quot;,&quot;button_width&quot;:&quot;100&quot;,&quot;step_type&quot;:&quot;number_text&quot;,&quot;step_icon_shape&quot;:&quot;circle&quot;}\" data-no-translation=\"\" data-widget_type=\"form.default\">\n\t\t\t\t<div class=\"elementor-widget-container\">\n\t\t\t\t\t\t\t<form class=\"elementor-form\" method=\"post\" id=\"contact_form_EN\" name=\"Contact form EN\" aria-label=\"Contact form EN\">\n\t\t\t<input type=\"hidden\" name=\"post_id\" value=\"306\"\/>\n\t\t\t<input type=\"hidden\" name=\"form_id\" value=\"913be65\"\/>\n\t\t\t<input type=\"hidden\" name=\"referer_title\" value=\"\" \/>\n\n\t\t\t\n\t\t\t<div class=\"elementor-form-fields-wrapper elementor-labels-\">\n\t\t\t\t\t\t\t\t<div class=\"elementor-field-type-text elementor-field-group elementor-column elementor-field-group-name elementor-col-100 elementor-field-required\">\n\t\t\t\t\t\t\t\t\t\t\t\t<label for=\"form-field-name\" class=\"elementor-field-label elementor-screen-only\">\n\t\t\t\t\t\t\t\tName*\t\t\t\t\t\t\t<\/label>\n\t\t\t\t\t\t\t\t\t\t\t\t\t\t<input size=\"1\" type=\"text\" name=\"form_fields[name]\" id=\"form-field-name\" class=\"elementor-field elementor-size-md  elementor-field-textual\" placeholder=\"Name*\" required=\"required\">\n\t\t\t\t\t\t\t\t\t\t\t<\/div>\n\t\t\t\t\t\t\t\t<div class=\"elementor-field-type-text elementor-field-group elementor-column elementor-field-group-field_e22bc47 elementor-col-100 elementor-field-required\">\n\t\t\t\t\t\t\t\t\t\t\t\t<label for=\"form-field-field_e22bc47\" class=\"elementor-field-label elementor-screen-only\">\n\t\t\t\t\t\t\t\tSurname*\t\t\t\t\t\t\t<\/label>\n\t\t\t\t\t\t\t\t\t\t\t\t\t\t<input size=\"1\" type=\"text\" name=\"form_fields[field_e22bc47]\" id=\"form-field-field_e22bc47\" class=\"elementor-field elementor-size-md  elementor-field-textual\" placeholder=\"Surname*\" required=\"required\">\n\t\t\t\t\t\t\t\t\t\t\t<\/div>\n\t\t\t\t\t\t\t\t<div class=\"elementor-field-type-email elementor-field-group elementor-column elementor-field-group-email elementor-col-100 elementor-field-required\">\n\t\t\t\t\t\t\t\t\t\t\t\t<label for=\"form-field-email\" class=\"elementor-field-label elementor-screen-only\">\n\t\t\t\t\t\t\t\tE-mail*\t\t\t\t\t\t\t<\/label>\n\t\t\t\t\t\t\t\t\t\t\t\t\t\t<input size=\"1\" type=\"email\" name=\"form_fields[email]\" id=\"form-field-email\" class=\"elementor-field elementor-size-md  elementor-field-textual\" placeholder=\"E-mail*\" required=\"required\">\n\t\t\t\t\t\t\t\t\t\t\t<\/div>\n\t\t\t\t\t\t\t\t<div class=\"elementor-field-type-tel elementor-field-group elementor-column elementor-field-group-field_bb73d74 elementor-col-100 elementor-field-required\">\n\t\t\t\t\t\t\t\t\t\t\t\t<label for=\"form-field-field_bb73d74\" class=\"elementor-field-label elementor-screen-only\">\n\t\t\t\t\t\t\t\tPhone*\t\t\t\t\t\t\t<\/label>\n\t\t\t\t\t\t\t\t<input size=\"1\" type=\"tel\" name=\"form_fields[field_bb73d74]\" id=\"form-field-field_bb73d74\" class=\"elementor-field elementor-size-md  elementor-field-textual\" placeholder=\"Phone*\" required=\"required\" pattern=\"[0-9()#&amp;+*-=.]+\" title=\"Only numbers and phone characters (#, -, *, etc) are accepted.\">\n\n\t\t\t\t\t\t<\/div>\n\t\t\t\t\t\t\t\t<div class=\"elementor-field-type-textarea elementor-field-group elementor-column elementor-field-group-message elementor-col-100\">\n\t\t\t\t\t\t\t\t\t\t\t\t<label for=\"form-field-message\" class=\"elementor-field-label elementor-screen-only\">\n\t\t\t\t\t\t\t\tMessage\t\t\t\t\t\t\t<\/label>\n\t\t\t\t\t\t<textarea class=\"elementor-field-textual elementor-field  elementor-size-md\" name=\"form_fields[message]\" id=\"form-field-message\" rows=\"4\" placeholder=\"Message\"><\/textarea>\t\t\t\t<\/div>\n\t\t\t\t\t\t\t\t<div class=\"elementor-field-type-html elementor-field-group elementor-column elementor-field-group-field_e8c4942 elementor-col-100\">\n\t\t\t\t\t<details>\n<summary>Information Clause<\/summary>\n<p>De conformidad con lo dispuesto en la normativa vigente de Protecci\u00f3n de datos, le informamos que los datos que nos facilite ser\u00e1n tratados por el responsable del tratamiento Birgitte Weber con la finalidad de atender y responder las solicitudes de contacto, peticiones de informaci\u00f3n y\/o consultas recibidas. La legitimaci\u00f3n del tratamiento se basa en el consentimiento del interesado. Sus datos no se comunicar\u00e1n a terceros salvo obligaci\u00f3n legal. Puede ejercitar los derechos de acceso, rectificaci\u00f3n, supresi\u00f3n, oposici\u00f3n, limitaci\u00f3n y portabilidad enviando un mail  <a href=\"mailto:birgitte@weberestates.com\">Birgitte@weberestates.com<\/a>. Puede consultar la informaci\u00f3n detallada en nuestra   <a href=\"\/persondatapolitik\/\" target=\"_blank\">POL\u00cdTICA DE PRIVACIDAD<\/a>.<\/p>\n<\/details>\t\t\t\t<\/div>\n\t\t\t\t\t\t\t\t<div class=\"elementor-field-type-acceptance elementor-field-group elementor-column elementor-field-group-field_12120ee elementor-col-100 elementor-field-required\">\n\t\t\t\t\t\t\t\t\t\t\t\t<label for=\"form-field-field_12120ee\" class=\"elementor-field-label elementor-screen-only\">\n\t\t\t\t\t\t\t\tPersondatapolitik\t\t\t\t\t\t\t<\/label>\n\t\t\t\t\t\t\t\t<div class=\"elementor-field-subgroup\">\n\t\t\t<span class=\"elementor-field-option\">\n\t\t\t\t<input type=\"checkbox\" name=\"form_fields[field_12120ee]\" id=\"form-field-field_12120ee\" class=\"elementor-field elementor-size-md  elementor-acceptance-field\" required=\"required\">\n\t\t\t\t<label for=\"form-field-field_12120ee\">I declare that I have read and accept  <a href=\"\/cookies-politik\/\">cookies<\/a> and <a href=\"\/persondatapolitik\/\">  privacy policy<\/a><\/label>\t\t\t<\/span>\n\t\t<\/div>\n\t\t\t\t\t\t<\/div>\n\t\t\t\t\t\t\t\t<div class=\"elementor-field-type-acceptance elementor-field-group elementor-column elementor-field-group-field_9e4c1d0 elementor-col-100\">\n\t\t\t\t\t\t\t\t\t\t\t\t<label for=\"form-field-field_9e4c1d0\" class=\"elementor-field-label elementor-screen-only\">\n\t\t\t\t\t\t\t\tTilbud\t\t\t\t\t\t\t<\/label>\n\t\t\t\t\t\t\t\t<div class=\"elementor-field-subgroup\">\n\t\t\t<span class=\"elementor-field-option\">\n\t\t\t\t<input type=\"checkbox\" name=\"form_fields[field_9e4c1d0]\" id=\"form-field-field_9e4c1d0\" class=\"elementor-field elementor-size-md  elementor-acceptance-field\">\n\t\t\t\t<label for=\"form-field-field_9e4c1d0\">I would like to receive occasional information from Weber Estates<\/label>\t\t\t<\/span>\n\t\t<\/div>\n\t\t\t\t\t\t<\/div>\n\t\t\t\t\t\t\t\t<div class=\"elementor-field-type-text\">\n\t\t\t\t\t<input size=\"1\" type=\"text\" name=\"form_fields[field_e73fdd0]\" id=\"form-field-field_e73fdd0\" class=\"elementor-field elementor-size-md \" style=\"display:none !important;\">\t\t\t\t<\/div>\n\t\t\t\t\t\t\t\t<div class=\"elementor-field-type-recaptcha elementor-field-group elementor-column elementor-field-group-field_70534a2 elementor-col-100\">\n\t\t\t\t\t<div class=\"elementor-field\" id=\"form-field-field_70534a2\"><div class=\"elementor-g-recaptcha\" data-sitekey=\"6LcOw3IpAAAAAI8I921FhQStVyKzGWR6pcx_Gs-w\" data-type=\"v2_checkbox\" data-theme=\"light\" data-size=\"normal\"><\/div><\/div>\t\t\t\t<\/div>\n\t\t\t\t\t\t\t\t<div class=\"elementor-field-group elementor-column elementor-field-type-submit elementor-col-100 e-form__buttons\">\n\t\t\t\t\t<button class=\"elementor-button elementor-size-sm\" type=\"submit\">\n\t\t\t\t\t\t<span class=\"elementor-button-content-wrapper\">\n\t\t\t\t\t\t\t\t\t\t\t\t\t\t\t\t\t\t\t\t\t\t<span class=\"elementor-button-text\">SEND<\/span>\n\t\t\t\t\t\t\t\t\t\t\t\t\t<\/span>\n\t\t\t\t\t<\/button>\n\t\t\t\t<\/div>\n\t\t\t<\/div>\n\t\t<\/form>\n\t\t\t\t\t\t<\/div>\n\t\t\t\t<\/div>\n\t\t\t\t\t<\/div>\n\t\t\t\t<\/div>\n\t\t<div class=\"elementor-element elementor-element-df3059a e-flex e-con-boxed e-con e-parent\" data-id=\"df3059a\" data-element_type=\"container\" data-e-type=\"container\">\n\t\t\t\t\t<div class=\"e-con-inner\">\n\t\t\t\t<div class=\"elementor-element elementor-element-b935233 elementor-widget elementor-widget-html\" data-id=\"b935233\" data-element_type=\"widget\" data-e-type=\"widget\" data-widget_type=\"html.default\">\n\t\t\t\t<div class=\"elementor-widget-container\">\n\t\t\t\t\t<script>\n document.addEventListener('DOMContentLoaded', function() {\n    const form = document.querySelector('.elementor-form'); \/\/ Adjust selector if necessary\n\n    if (form) {\n        form.addEventListener('submit', function(event) {\n            const fields = form.querySelectorAll('input, textarea'); \/\/ Target all input fields\n\n            let containsCyrillic = false;\n            const cyrillicPattern = \/[\u0410-\u042f\u0430-\u044f\u0401\u0451]\/;\n\n            \/\/ Check all fields for Cyrillic characters\n            fields.forEach(field => {\n                if (cyrillicPattern.test(field.value)) {\n                    containsCyrillic = true;\n                }\n            });\n\n            if (containsCyrillic) {\n                alert('Submission blocked.');\n                event.preventDefault(); \/\/ Prevent form submission\n            }\n        });\n    }\n});\n\n\ndocument.addEventListener('DOMContentLoaded', function() {\n    const form = document.querySelector('.elementor-form'); \/\/ Adjust the selector if necessary\n\n    if (form) {\n        form.addEventListener('submit', function(event) {\n            const inputs = form.querySelectorAll('input, textarea'); \/\/ Select all input and textarea fields\n\n            let containsBlockedName = false;\n\n            inputs.forEach(input => {\n                if (input.value.trim().toLowerCase() === 'robertcrilk') {\n                    containsBlockedName = true;\n                }\n            });\n\n            if (containsBlockedName) {\n                event.preventDefault(); \/\/ Stop the form submission\n                alert('Submission blocked: The name \"Robertcrilk\" is not allowed.');\n                return false; \/\/ Stop further processing\n            }\n        });\n    }\n});\n\n\n\n\n<\/script>\t\t\t\t<\/div>\n\t\t\t\t<\/div>\n\t\t\t\t\t<\/div>\n\t\t\t\t<\/div>\n\t\t\t\t<\/div>\n\t\t<\/div>\n\t\t\t\t\t\t<\/div>\n\t\t\t\t<\/div>\n\t\t\t\t<\/div>\n\t\t\t\t<\/div>\n\t\t","protected":false},"excerpt":{"rendered":"<p>OM MARBELLA HVORFOR DU B\u00d8R K\u00d8BE BOLIG I MARBELLA Marbella er en foretrukken destination for ferieg\u00e6ster og husejere med de gyldne sandstrande, luksuri\u00f8se levevilk\u00e5r og et varmt klima \u00e5ret rundt. Den engang lille fiskerlandsby er blevet et internationalt hotspot kendt for at tilbyde en sofistikeret livsstil. Marbella str\u00e6kker sig over en n\u00e6sten 30 km kystlinje, [&hellip;]<\/p>\n","protected":false},"author":2,"featured_media":0,"comment_status":"closed","ping_status":"closed","sticky":false,"template":"","format":"standard","meta":{"_acf_changed":false,"content-type":"","footnotes":""},"categories":[8],"tags":[],"class_list":["post-405","post","type-post","status-publish","format-standard","hentry","category-area"],"acf":[],"_links":{"self":[{"href":"https:\/\/weberestates.com\/en\/wp-json\/wp\/v2\/posts\/405","targetHints":{"allow":["GET"]}}],"collection":[{"href":"https:\/\/weberestates.com\/en\/wp-json\/wp\/v2\/posts"}],"about":[{"href":"https:\/\/weberestates.com\/en\/wp-json\/wp\/v2\/types\/post"}],"author":[{"embeddable":true,"href":"https:\/\/weberestates.com\/en\/wp-json\/wp\/v2\/users\/2"}],"replies":[{"embeddable":true,"href":"https:\/\/weberestates.com\/en\/wp-json\/wp\/v2\/comments?post=405"}],"version-history":[{"count":49,"href":"https:\/\/weberestates.com\/en\/wp-json\/wp\/v2\/posts\/405\/revisions"}],"predecessor-version":[{"id":2332,"href":"https:\/\/weberestates.com\/en\/wp-json\/wp\/v2\/posts\/405\/revisions\/2332"}],"wp:attachment":[{"href":"https:\/\/weberestates.com\/en\/wp-json\/wp\/v2\/media?parent=405"}],"wp:term":[{"taxonomy":"category","embeddable":true,"href":"https:\/\/weberestates.com\/en\/wp-json\/wp\/v2\/categories?post=405"},{"taxonomy":"post_tag","embeddable":true,"href":"https:\/\/weberestates.com\/en\/wp-json\/wp\/v2\/tags?post=405"}],"curies":[{"name":"wp","href":"https:\/\/api.w.org\/{rel}","templated":true}]}}