{"id":3239,"date":"2026-02-04T15:43:00","date_gmt":"2026-02-04T14:43:00","guid":{"rendered":"https:\/\/weberestates.com\/?p=3239"},"modified":"2026-02-04T16:05:32","modified_gmt":"2026-02-04T15:05:32","slug":"buy-property-in-fuengirola-2026","status":"publish","type":"post","link":"https:\/\/weberestates.com\/en\/opdag-livet-i-fuengirola-i-2026\/","title":{"rendered":"Why buy property in Fuengirola in 2026? Lifestyle, events and long-term appeal on the Costa del Sol"},"content":{"rendered":"\t\t<div data-elementor-type=\"wp-post\" data-elementor-id=\"3239\" class=\"elementor elementor-3239\" data-elementor-post-type=\"post\">\n\t\t\t\t<div class=\"elementor-element elementor-element-5b22c68 e-flex e-con-boxed e-con e-parent\" data-id=\"5b22c68\" data-element_type=\"container\" data-e-type=\"container\">\n\t\t\t\t\t<div class=\"e-con-inner\">\n\t\t\t\t<div class=\"elementor-element elementor-element-dcc54d0 elementor-widget elementor-widget-image\" data-id=\"dcc54d0\" data-element_type=\"widget\" data-e-type=\"widget\" data-widget_type=\"image.default\">\n\t\t\t\t<div class=\"elementor-widget-container\">\n\t\t\t\t\t\t\t\t\t\t\t\t\t\t\t<img loading=\"lazy\" decoding=\"async\" width=\"1900\" height=\"1264\" src=\"https:\/\/weberestates.com\/wp-content\/uploads\/2026\/02\/shutterstock_2611615357.webp\" class=\"attachment-full size-full wp-image-3244\" alt=\"Fuengirola\" srcset=\"https:\/\/weberestates.com\/wp-content\/uploads\/2026\/02\/shutterstock_2611615357.webp 1900w, https:\/\/weberestates.com\/wp-content\/uploads\/2026\/02\/shutterstock_2611615357-300x200.webp 300w, https:\/\/weberestates.com\/wp-content\/uploads\/2026\/02\/shutterstock_2611615357-1024x681.webp 1024w, https:\/\/weberestates.com\/wp-content\/uploads\/2026\/02\/shutterstock_2611615357-768x511.webp 768w, https:\/\/weberestates.com\/wp-content\/uploads\/2026\/02\/shutterstock_2611615357-1536x1022.webp 1536w, https:\/\/weberestates.com\/wp-content\/uploads\/2026\/02\/shutterstock_2611615357-18x12.webp 18w\" sizes=\"auto, (max-width: 1900px) 100vw, 1900px\" \/>\t\t\t\t\t\t\t\t\t\t\t\t\t\t\t<\/div>\n\t\t\t\t<\/div>\n\t\t\t\t\t<\/div>\n\t\t\t\t<\/div>\n\t\t<div class=\"elementor-element elementor-element-9d38fe8 e-flex e-con-boxed e-con e-parent\" data-id=\"9d38fe8\" data-element_type=\"container\" data-e-type=\"container\">\n\t\t\t\t\t<div class=\"e-con-inner\">\n\t\t<div class=\"elementor-element elementor-element-0acf515 e-con-full e-flex e-con e-child\" data-id=\"0acf515\" data-element_type=\"container\" data-e-type=\"container\">\n\t\t\t\t<\/div>\n\t\t<div class=\"elementor-element elementor-element-2f0158e e-con-full e-flex e-con e-child\" data-id=\"2f0158e\" data-element_type=\"container\" data-e-type=\"container\">\n\t\t\t\t<div class=\"elementor-element elementor-element-d601b77 elementor-widget__width-inherit elementor-widget elementor-widget-heading\" data-id=\"d601b77\" data-element_type=\"widget\" data-e-type=\"widget\" data-widget_type=\"heading.default\">\n\t\t\t\t<div class=\"elementor-widget-container\">\n\t\t\t\t\t<span class=\"elementor-heading-title elementor-size-default\">WEBER ESTATES<\/span>\t\t\t\t<\/div>\n\t\t\t\t<\/div>\n\t\t\t\t<div class=\"elementor-element elementor-element-1ef5051 elementor-widget__width-inherit elementor-widget elementor-widget-heading\" data-id=\"1ef5051\" data-element_type=\"widget\" data-e-type=\"widget\" data-widget_type=\"heading.default\">\n\t\t\t\t<div class=\"elementor-widget-container\">\n\t\t\t\t\t<h1 class=\"elementor-heading-title elementor-size-default\">Derfor v\u00e6lger flere at k\u00f8be bolig i\u00a0Fuengirola i 2026 \u2013 livskvalitet, smukke omgivelser og tidsl\u00f8s charme p\u00e5 Costa del Sol<\/h1>\t\t\t\t<\/div>\n\t\t\t\t<\/div>\n\t\t\t\t<div class=\"elementor-element elementor-element-09bda42 elementor-widget-divider--view-line elementor-widget elementor-widget-divider\" data-id=\"09bda42\" data-element_type=\"widget\" data-e-type=\"widget\" data-widget_type=\"divider.default\">\n\t\t\t\t<div class=\"elementor-widget-container\">\n\t\t\t\t\t\t\t<div class=\"elementor-divider\">\n\t\t\t<span class=\"elementor-divider-separator\">\n\t\t\t\t\t\t<\/span>\n\t\t<\/div>\n\t\t\t\t\t\t<\/div>\n\t\t\t\t<\/div>\n\t\t\t\t<div class=\"elementor-element elementor-element-7256567 metrisch elementor-widget elementor-widget-text-editor\" data-id=\"7256567\" data-element_type=\"widget\" data-e-type=\"widget\" data-widget_type=\"text-editor.default\">\n\t\t\t\t<div class=\"elementor-widget-container\">\n\t\t\t\t\t\t\t\t\t<p>For mange mennesker handler det at k\u00f8be bolig i udlandet ikke kun om selve boligen, men om at skabe et nyt sted der f\u00f8les hjemligt og varmt. Fuengirola er det helt ideelle sted, at skabe disse rammer i. Byen indbyder til lange g\u00e5ture p\u00e5 stranden, frokoster i solen og varme aftener med familie og venner p\u00e5 terrassen. P\u00e5 Costa del Sol kan du skabe dit nye hjem, uanset om du er ved at g\u00e5 p\u00e5 pension, \u00f8nsker en bedre balance mellem arbejde og fritid, eller dr\u00f8mmer om en feriebolig i sydens sol.<\/p><p>Med en <a href=\"https:\/\/weberestates.com\/fuengirola\/\">bolig i Fuengirola<\/a> p\u00e5 Costa del Sol kan du forl\u00e6nge din sommer med varme dage og en kulturel kalender, der bringer byen til live \u00e5ret rundt. Derudover ligger M\u00e1laga Lufthavn kun 20 minutters k\u00f8rsel eller togrejse v\u00e6k, og den samme direkte togforbindelse giver nem adgang til M\u00e1lagas bycentrum for arbejde, kultur og rejser.<\/p><p>Find ud af, hvorfor Fuengirola kan v\u00e6re det ideelle sted at sl\u00e5 sig ned.<\/p>\t\t\t\t\t\t\t\t<\/div>\n\t\t\t\t<\/div>\n\t\t\t\t<div class=\"elementor-element elementor-element-4727cef elementor-widget__width-inherit elementor-widget elementor-widget-heading\" data-id=\"4727cef\" data-element_type=\"widget\" data-e-type=\"widget\" data-widget_type=\"heading.default\">\n\t\t\t\t<div class=\"elementor-widget-container\">\n\t\t\t\t\t<h2 class=\"elementor-heading-title elementor-size-default\">Fuengirola byder p\u00e5 sol, strand og afslapning \u00e5ret rundt<\/h2>\t\t\t\t<\/div>\n\t\t\t\t<\/div>\n\t\t\t\t<div class=\"elementor-element elementor-element-69dc4f9 metrisch elementor-widget elementor-widget-text-editor\" data-id=\"69dc4f9\" data-element_type=\"widget\" data-e-type=\"widget\" data-widget_type=\"text-editor.default\">\n\t\t\t\t<div class=\"elementor-widget-container\">\n\t\t\t\t\t\t\t\t\t<p>Byen er et af de mest popul\u00e6re destinationer p\u00e5 Costa del Sol, med omkring 85.000 indbyggere. Den er en af de st\u00f8rste byer p\u00e5 Costa del Sol, med en befolkning fra hele verden. Omkring en fjerdedel af byens indbyggerekommer fra udlandet og der er pr\u00e6g af mange forskellige europ\u00e6iske nationaliteter. Det er bestemt et attraktivt sted for folk fra hele verden som rejsedestination og som et sted at sl\u00e5 sig ned.<\/p>\t\t\t\t\t\t\t\t<\/div>\n\t\t\t\t<\/div>\n\t\t\t\t<div class=\"elementor-element elementor-element-8249cfd elementor-widget__width-inherit elementor-widget elementor-widget-heading\" data-id=\"8249cfd\" data-element_type=\"widget\" data-e-type=\"widget\" data-widget_type=\"heading.default\">\n\t\t\t\t<div class=\"elementor-widget-container\">\n\t\t\t\t\t<h2 class=\"elementor-heading-title elementor-size-default\">Kystlivet i Fuengirola<\/h2>\t\t\t\t<\/div>\n\t\t\t\t<\/div>\n\t\t\t\t<div class=\"elementor-element elementor-element-1aef41f metrisch elementor-widget elementor-widget-text-editor\" data-id=\"1aef41f\" data-element_type=\"widget\" data-e-type=\"widget\" data-widget_type=\"text-editor.default\">\n\t\t\t\t<div class=\"elementor-widget-container\">\n\t\t\t\t\t\t\t\t\t<p>Fuengirolas kyst str\u00e6kker sig omkring 8 kilometer og har en indbydende strandpromenade fyldt med caf\u00e9er, cykelstier og restauranter. Byens strande er rene, sikre og velholdte, og de har alle Bl\u00e5 Flag-status. Paseo Mar\u00edtimo Rey de Espa\u00f1a er hjertet af kystlivet og pr\u00e6ges af en afslappet, livlig og autentisk sydspansk stemning.<\/p>\t\t\t\t\t\t\t\t<\/div>\n\t\t\t\t<\/div>\n\t\t\t\t<div class=\"elementor-element elementor-element-982275b elementor-widget__width-inherit elementor-widget elementor-widget-heading\" data-id=\"982275b\" data-element_type=\"widget\" data-e-type=\"widget\" data-widget_type=\"heading.default\">\n\t\t\t\t<div class=\"elementor-widget-container\">\n\t\t\t\t\t<h2 class=\"elementor-heading-title elementor-size-default\">Lokale festivaler og arrangementer i Fuengirola<\/h2>\t\t\t\t<\/div>\n\t\t\t\t<\/div>\n\t\t\t\t<div class=\"elementor-element elementor-element-5d7c947 metrisch elementor-widget elementor-widget-text-editor\" data-id=\"5d7c947\" data-element_type=\"widget\" data-e-type=\"widget\" data-widget_type=\"text-editor.default\">\n\t\t\t\t<div class=\"elementor-widget-container\">\n\t\t\t\t\t\t\t\t\t<p>I Fuengirola og omegn kan du opleve lokale festivaler, traditioner og markeder, der virkelig kendetegner det charmerende spanske liv. Disse aktiviteter samler folk og skaber en levende, hyggelig stemning, som b\u00e5de lokale og bes\u00f8gende nyder. Det g\u00f8r omr\u00e5det attraktivt for turister, boligk\u00f8bere og investorer, der \u00f8nsker at opleve en autentisk livsstil ved Middelhavet. Samtidig giver de mange kulturelle begivenheder et indblik i omr\u00e5dets rige historie og sociale f\u00e6llesskab, hvilket g\u00f8r Fuengirola til mere end bare en popul\u00e6r ferieby.<\/p>\t\t\t\t\t\t\t\t<\/div>\n\t\t\t\t<\/div>\n\t\t\t\t<div class=\"elementor-element elementor-element-c698210 metrisch elementor-widget elementor-widget-text-editor\" data-id=\"c698210\" data-element_type=\"widget\" data-e-type=\"widget\" data-widget_type=\"text-editor.default\">\n\t\t\t\t<div class=\"elementor-widget-container\">\n\t\t\t\t\t\t\t\t\t<p>Tre \u00e5rlige begivenheder for 2026, i Fuengirola:<\/p><ul><li><a href=\"https:\/\/www.fipfuengirola.com\/en\/\" target=\"_blank\" rel=\"noopener\"><em><u><i>Feria Internacional de los Pa\u00edses <\/i><\/u><\/em><u>(International Fair of Countries)<\/u><\/a><\/li><\/ul><ol start=\"29\"><li>april \u2013 3. maj 2026<\/li><\/ol><p>Fuengirolas store multikulturelle begivenhed samler folk og kulturer fra over 30 lande p\u00e5 \u00e9t sted. Her kan man smage retter fra hele verden og opleve musik, dans, udstillinger og andre kulturelle aktiviteter i l\u00f8bet af de fem festlige dage, som afspejler byens mangfoldige befolkning. Det er en oplevelse, man b\u00f8r unde sig selv mindst \u00e9n gang.<\/p><ul><li><a href=\"https:\/\/marenostrumfuengirola.com\/\" target=\"_blank\" rel=\"noopener\"><u>Marenostrum Concert Series (Various Dates in 2026)<\/u><\/a><\/li><\/ul><p>Marenostrum Fuengirola er et af det sydlige Spaniens st\u00f8rste open air-koncertsteder og holder koncerter gennem hele for\u00e5ret og sommeren. Allerede for 2026 er en lang r\u00e6kke store navne bekr\u00e6ftet, herunder Fito &amp; Fitipaldis (2. maj), Camela (9. maj), Paco Candela (15. maj) og Medina Azahara (22. maj), samt mange flere koncerter planlagt frem til slutningen af juli. Koncerterne tiltr\u00e6kker \u00e5rligt tusindvis af g\u00e6ster og g\u00f8r Fuengirola til centrum for musik og underholdning p\u00e5 Costa del Sol.<\/p><ul><li><a href=\"https:\/\/www.cuandopasa.com\/index.php?v=v132218j\" target=\"_blank\" rel=\"noopener\"><u>Feria de Fuengirola (Feria del Rosario)<\/u><\/a><\/li><\/ul><ol start=\"6\"><li>oktober \u2013 12. oktober 2026<\/li><\/ol><p>Hvis du planl\u00e6gger at bes\u00f8ge en af Costa del Sols mange \u00e5rlige feriaer, vil Fuengirola Feria del Rosario bestemt ikke skuffe. Denne historiske andalusiske folkefest, der hylder byens skytshelgen Nuestra Se\u00f1ora del Rosario, byder p\u00e5 traditionelle hesteoptog, flamenco, musik, forlystelser og lokale gastronomiske specialiteter. Det er en af omr\u00e5dets mest ikoniske begivenheder, fejret med stor lokal stolthed og med bes\u00f8gende fra hele kysten. Flere detaljer om \u00e5rets program offentligg\u00f8res n\u00e6rmere p\u00e5 festlighederne.<\/p>\t\t\t\t\t\t\t\t<\/div>\n\t\t\t\t<\/div>\n\t\t\t\t<div class=\"elementor-element elementor-element-eb2e285 elementor-widget__width-inherit elementor-widget elementor-widget-heading\" data-id=\"eb2e285\" data-element_type=\"widget\" data-e-type=\"widget\" data-widget_type=\"heading.default\">\n\t\t\t\t<div class=\"elementor-widget-container\">\n\t\t\t\t\t<h2 class=\"elementor-heading-title elementor-size-default\">H\u00f8jtideligheder og f\u00e6llesskab i hjertet af Fuengirola \n<\/h2>\t\t\t\t<\/div>\n\t\t\t\t<\/div>\n\t\t\t\t<div class=\"elementor-element elementor-element-e522193 metrisch elementor-widget elementor-widget-text-editor\" data-id=\"e522193\" data-element_type=\"widget\" data-e-type=\"widget\" data-widget_type=\"text-editor.default\">\n\t\t\t\t<div class=\"elementor-widget-container\">\n\t\t\t\t\t\t\t\t\t<p>Fuengirolas \u00e5rlige begivenheder giver boligk\u00f8bere et tydeligt indblik i byens liv og vedvarende charme \u00e5ret rundt. Festivaler som den Internationale Jazzfestival og Feria del Rosario handler om mere end bare turisme. De styrker f\u00e6llesskabet, den kulturelle identitet og viser byens kosmopolitiske pr\u00e6g. Det skaber en levende social atmosf\u00e6re, som appellerer til b\u00e5de fastboende og dem, der s\u00f8ger ferie- eller permanent bolig, is\u00e6r for dem, der overvejer at flytte hertil eller blive i l\u00e6ngere perioder.<\/p>\t\t\t\t\t\t\t\t<\/div>\n\t\t\t\t<\/div>\n\t\t\t\t<div class=\"elementor-element elementor-element-363d4c0 elementor-widget__width-inherit elementor-widget elementor-widget-heading\" data-id=\"363d4c0\" data-element_type=\"widget\" data-e-type=\"widget\" data-widget_type=\"heading.default\">\n\t\t\t\t<div class=\"elementor-widget-container\">\n\t\t\t\t\t<h2 class=\"elementor-heading-title elementor-size-default\"><a href=\"https:\/\/weberestates.com\/fuengirola\/\">Fuengirola i konstant aktivitet<\/a><\/h2>\t\t\t\t<\/div>\n\t\t\t\t<\/div>\n\t\t\t\t<div class=\"elementor-element elementor-element-c013b80 metrisch elementor-widget elementor-widget-text-editor\" data-id=\"c013b80\" data-element_type=\"widget\" data-e-type=\"widget\" data-widget_type=\"text-editor.default\">\n\t\t\t\t<div class=\"elementor-widget-container\">\n\t\t\t\t\t\t\t\t\t<p>Store koncerter og multikulturelle festivaler tiltr\u00e6kker bes\u00f8gende hele \u00e5ret rundt, hvilket er til gavn for lokale butikker og restauranter. Den kontinuerlige aktivitet bidrager til den lokale \u00f8konomi og indikerer samtidig en vedvarende interesse for ejendomme i omr\u00e5det.<\/p><p>Fuengirola er et attraktivt og bekvemt valg for l\u00e6ngerevarende ophold p\u00e5 Costa del Sol. Byen ligger kun 20 minutter fra M\u00e1laga centrum, lufthavnen og andre popul\u00e6re steder p\u00e5 solkysten.<\/p><p>For k\u00f8bere, der prioriterer livskvalitet, beliggenhed og langsigtet v\u00e6rdi, er 2026 et ideelt tidspunkt til at udforske det gode udvalg af boliger til salg i Fuengirola og opleve, hvad byen har at byde p\u00e5 ud over feries\u00e6sonen.<\/p><p><strong><b>\u00a0<\/b><\/strong><\/p><p>Hvis du \u00f8nsker mere information om boliger til salg i Fuengirola eller n\u00e6rliggende omr\u00e5der p\u00e5 Costa del Sol, kan du kontakte Birgitte p\u00e5 <a href=\"mailto:birgitte@weberestates.com\">birgitte@weberestates.com<\/a> eller ringe p\u00e5 +34 683 391 512.<\/p>\t\t\t\t\t\t\t\t<\/div>\n\t\t\t\t<\/div>\n\t\t\t\t<div class=\"elementor-element elementor-element-d1bebb8 elementor-widget-divider--view-line elementor-widget elementor-widget-divider\" data-id=\"d1bebb8\" data-element_type=\"widget\" data-e-type=\"widget\" data-widget_type=\"divider.default\">\n\t\t\t\t<div class=\"elementor-widget-container\">\n\t\t\t\t\t\t\t<div class=\"elementor-divider\">\n\t\t\t<span class=\"elementor-divider-separator\">\n\t\t\t\t\t\t<\/span>\n\t\t<\/div>\n\t\t\t\t\t\t<\/div>\n\t\t\t\t<\/div>\n\t\t\t\t<div class=\"elementor-element elementor-element-ef24e4c elementor-widget__width-inherit elementor-widget elementor-widget-heading\" data-id=\"ef24e4c\" data-element_type=\"widget\" data-e-type=\"widget\" data-widget_type=\"heading.default\">\n\t\t\t\t<div class=\"elementor-widget-container\">\n\t\t\t\t\t<h2 class=\"elementor-heading-title elementor-size-default\">Ofte stillede sp\u00f8rgsm\u00e5l<\/h2>\t\t\t\t<\/div>\n\t\t\t\t<\/div>\n\t\t\t\t<div class=\"elementor-element elementor-element-31b20ed elementor-widget elementor-widget-html\" data-id=\"31b20ed\" data-element_type=\"widget\" data-e-type=\"widget\" data-no-translation=\"\" data-widget_type=\"html.default\">\n\t\t\t\t<div class=\"elementor-widget-container\">\n\t\t\t\t\t<style>.elementor-element-31b20ed{display:none !important}<\/style>\t\t\t\t<\/div>\n\t\t\t\t<\/div>\n\t\t\t\t<div class=\"elementor-element elementor-element-77d4b93 elementor-widget elementor-widget-html\" data-id=\"77d4b93\" data-element_type=\"widget\" data-e-type=\"widget\" data-no-translation=\"\" data-widget_type=\"html.default\">\n\t\t\t\t<div class=\"elementor-widget-container\">\n\t\t\t\t\t<style>.elementor-element-77d4b93{display:none !important}<\/style>\t\t\t\t<\/div>\n\t\t\t\t<\/div>\n\t\t\t\t<div class=\"elementor-element elementor-element-910f1bb elementor-widget elementor-widget-html\" data-id=\"910f1bb\" data-element_type=\"widget\" data-e-type=\"widget\" data-no-translation=\"\" data-widget_type=\"html.default\">\n\t\t\t\t<div class=\"elementor-widget-container\">\n\t\t\t\t\t<div class=\"wp-block-rank-math-faq-block\">\n  <div class=\"rank-math-faq-item\">\n    <h3 class=\"rank-math-question\"><strong>Are there international schools in Fuengirola?6?<\/strong><\/h3>\n    <div class=\"rank-math-answer\">\n     Yes, there are several international and bilingual schools within Fuengirola and the surrounding Costa del Sol area, particularly in Mijas, Benalm\u00e1dena, and M\u00e1laga. These schools follow British, international, or mixed curricula, making the area popular with relocating families. A full list of international schools can be found on the International Schools Database.\n    <\/div>\n  <\/div>\n\n  <div class=\"rank-math-faq-item\">\n    <h3 class=\"rank-math-question\"><strong>What types of property area available in Fuengirola?<\/strong><\/h3>\n    <div class=\"rank-math-answer\">\n  There is a wide range of real estate in Fuengirola to suit different lifestyles, from modern apartments and townhouses to luxury villas, beachfront homes and commercial properties. Buyers can choose between vibrant urban neighbourhoods and well-planned residential communities, many of which offer easy access to parks, shops, schools and everyday amenities. \n    <\/div>\n  <\/div>\n\n  <div class=\"rank-math-faq-item\">\n    <h3 class=\"rank-math-question\"><strong>Is Fuengirola a good area for rental property<\/strong><\/h3>\n    <div class=\"rank-math-answer\">\n Fuengirola benefits from strong seasonal tourism alongside a stable year-round resident population, supporting both short-term holiday rentals and longer-term lets. Demand is typically highest near the beachfront, train stations and every day amenities. For more information on investment property in Fuengirola with strong long-term rental potential, contact Weber Estates at birgitte@weberestates.com.\n    <\/div>\n  <\/div>\n<\/div>\n\t\t\t\t<\/div>\n\t\t\t\t<\/div>\n\t\t\t\t<div class=\"elementor-element elementor-element-5191712 elementor-widget elementor-widget-html\" data-id=\"5191712\" data-element_type=\"widget\" data-e-type=\"widget\" data-no-translation=\"\" data-widget_type=\"html.default\">\n\t\t\t\t<div class=\"elementor-widget-container\">\n\t\t\t\t\t<script type=\"application\/ld+json\">\n{\n  \"@context\":\"https:\/\/schema.org\",\n  \"@type\":\"FAQPage\",\n  \"mainEntity\":[\n    {\n      \"@type\":\"Question\",\n      \"name\":\"Are property prices on the Costa del Sol expected to rise in 2026?\",\n      \"acceptedAnswer\":{\n        \"@type\":\"Answer\",\n        \"text\":\"<p>Most analysts forecast 5\u20139% price growth in 2026 across the Costa del Sol, with premium areas like Marbella, Estepona and Benahav\u00eds potentially seeing even stronger increases. Nationally, BBVA Research expects around 7% growth. Demand continues to outstrip supply, especially for new-builds and luxury homes, so it is better not to wait around to find your perfect property for sale on the Costa del Sol.<\/p>\"\n      }\n    },\n    {\n      \"@type\":\"Question\",\n      \"name\":\"Is it a good time to buy real estate on the Costa del Sol?\",\n      \"acceptedAnswer\":{\n        \"@type\":\"Answer\",\n        \"text\":\"<p>For most buyers, yes, now is a good time to buy property on the Costa del Sol. Supply remains limited while international demand is strong, especially in coastal hotspots. Because prices are still rising and new buildings are being sold quickly, waiting will rarely lead to lower prices. Buyers looking for lifestyle, rental income or long-term capital appreciation should consider 2026 a good time to buy.<\/p>\"\n      }\n    },\n    {\n      \"@type\":\"Question\",\n      \"name\":\"Are there still affordable places to buy property on the Costa del Sol?\",\n      \"acceptedAnswer\":{\n        \"@type\":\"Answer\",\n        \"text\":\"<p>Yes, there are plenty of area\u2019s where you can find reasonably priced property for sale on the Costal del Sol, though affordability varies by area. Locations such as Mijas Costa, Fuengirola, Benalm\u00e1dena and Estepona, still offer comparatively competitive prices compared to Marbella or Benahav\u00eds, without compromising lifestyle or rental potential.<\/p>\"\n      }\n    }\n  ]\n}\n<\/script>\n\t\t\t\t<\/div>\n\t\t\t\t<\/div>\n\t\t\t\t<\/div>\n\t\t<div class=\"elementor-element elementor-element-999fa6a e-con-full e-flex e-con e-child\" data-id=\"999fa6a\" data-element_type=\"container\" data-e-type=\"container\">\n\t\t\t\t<\/div>\n\t\t\t\t\t<\/div>\n\t\t\t\t<\/div>\n\t\t<div class=\"elementor-element elementor-element-874c09a e-flex e-con-boxed e-con e-parent\" data-id=\"874c09a\" data-element_type=\"container\" data-e-type=\"container\">\n\t\t\t\t\t<div class=\"e-con-inner\">\n\t\t\t\t\t<\/div>\n\t\t\t\t<\/div>\n\t\t<div class=\"elementor-element elementor-element-e95733e e-flex e-con-boxed e-con e-parent\" data-id=\"e95733e\" data-element_type=\"container\" data-e-type=\"container\">\n\t\t\t\t\t<div class=\"e-con-inner\">\n\t\t\t\t\t<\/div>\n\t\t\t\t<\/div>\n\t\t\t\t<\/div>\n\t\t","protected":false},"excerpt":{"rendered":"<p>For mange mennesker handler det at k\u00f8be bolig i udlandet ikke kun om selve boligen, men om at skabe et nyt sted der f\u00f8les hjemligt og varmt. Fuengirola er det helt ideelle sted, at skabe disse rammer i.<\/p>","protected":false},"author":2,"featured_media":3244,"comment_status":"closed","ping_status":"closed","sticky":false,"template":"","format":"standard","meta":{"_acf_changed":false,"content-type":"","footnotes":""},"categories":[27],"tags":[31,33,41],"class_list":["post-3239","post","type-post","status-publish","format-standard","has-post-thumbnail","hentry","category-news","tag-costa-del-sol","tag-fuengirola","tag-sommerfestivaler"],"acf":[],"_links":{"self":[{"href":"https:\/\/weberestates.com\/en\/wp-json\/wp\/v2\/posts\/3239","targetHints":{"allow":["GET"]}}],"collection":[{"href":"https:\/\/weberestates.com\/en\/wp-json\/wp\/v2\/posts"}],"about":[{"href":"https:\/\/weberestates.com\/en\/wp-json\/wp\/v2\/types\/post"}],"author":[{"embeddable":true,"href":"https:\/\/weberestates.com\/en\/wp-json\/wp\/v2\/users\/2"}],"replies":[{"embeddable":true,"href":"https:\/\/weberestates.com\/en\/wp-json\/wp\/v2\/comments?post=3239"}],"version-history":[{"count":8,"href":"https:\/\/weberestates.com\/en\/wp-json\/wp\/v2\/posts\/3239\/revisions"}],"predecessor-version":[{"id":3251,"href":"https:\/\/weberestates.com\/en\/wp-json\/wp\/v2\/posts\/3239\/revisions\/3251"}],"wp:featuredmedia":[{"embeddable":true,"href":"https:\/\/weberestates.com\/en\/wp-json\/wp\/v2\/media\/3244"}],"wp:attachment":[{"href":"https:\/\/weberestates.com\/en\/wp-json\/wp\/v2\/media?parent=3239"}],"wp:term":[{"taxonomy":"category","embeddable":true,"href":"https:\/\/weberestates.com\/en\/wp-json\/wp\/v2\/categories?post=3239"},{"taxonomy":"post_tag","embeddable":true,"href":"https:\/\/weberestates.com\/en\/wp-json\/wp\/v2\/tags?post=3239"}],"curies":[{"name":"wp","href":"https:\/\/api.w.org\/{rel}","templated":true}]}}