{"id":2966,"date":"2025-11-19T13:10:06","date_gmt":"2025-11-19T12:10:06","guid":{"rendered":"https:\/\/weberestates.com\/?p=2966"},"modified":"2026-02-04T15:58:20","modified_gmt":"2026-02-04T14:58:20","slug":"christmas-in-malaga-what-to-expect-in-2025","status":"publish","type":"post","link":"https:\/\/weberestates.com\/en\/jul-i-malaga-hvad-byder-julen-2025-paa\/","title":{"rendered":"Christmas in M\u00e1laga: What to Expect in 2025"},"content":{"rendered":"\t\t<div data-elementor-type=\"wp-post\" data-elementor-id=\"2966\" class=\"elementor elementor-2966\" data-elementor-post-type=\"post\">\n\t\t\t\t<div class=\"elementor-element elementor-element-5b22c68 e-flex e-con-boxed e-con e-parent\" data-id=\"5b22c68\" data-element_type=\"container\" data-e-type=\"container\">\n\t\t\t\t\t<div class=\"e-con-inner\">\n\t\t\t\t<div class=\"elementor-element elementor-element-dcc54d0 elementor-widget elementor-widget-image\" data-id=\"dcc54d0\" data-element_type=\"widget\" data-e-type=\"widget\" data-widget_type=\"image.default\">\n\t\t\t\t<div class=\"elementor-widget-container\">\n\t\t\t\t\t\t\t\t\t\t\t\t\t\t\t<img loading=\"lazy\" decoding=\"async\" width=\"2200\" height=\"1467\" src=\"https:\/\/weberestates.com\/wp-content\/uploads\/2025\/11\/shutterstock_2309640763.webp\" class=\"attachment-full size-full wp-image-2967\" alt=\"Christmas in M\u00e1laga: What to Expect in 2025\" srcset=\"https:\/\/weberestates.com\/wp-content\/uploads\/2025\/11\/shutterstock_2309640763.webp 2200w, https:\/\/weberestates.com\/wp-content\/uploads\/2025\/11\/shutterstock_2309640763-300x200.webp 300w, https:\/\/weberestates.com\/wp-content\/uploads\/2025\/11\/shutterstock_2309640763-1024x683.webp 1024w, https:\/\/weberestates.com\/wp-content\/uploads\/2025\/11\/shutterstock_2309640763-768x512.webp 768w, https:\/\/weberestates.com\/wp-content\/uploads\/2025\/11\/shutterstock_2309640763-1536x1024.webp 1536w, https:\/\/weberestates.com\/wp-content\/uploads\/2025\/11\/shutterstock_2309640763-2048x1366.webp 2048w, https:\/\/weberestates.com\/wp-content\/uploads\/2025\/11\/shutterstock_2309640763-18x12.webp 18w\" sizes=\"auto, (max-width: 2200px) 100vw, 2200px\" \/>\t\t\t\t\t\t\t\t\t\t\t\t\t\t\t<\/div>\n\t\t\t\t<\/div>\n\t\t\t\t\t<\/div>\n\t\t\t\t<\/div>\n\t\t<div class=\"elementor-element elementor-element-9d38fe8 e-flex e-con-boxed e-con e-parent\" data-id=\"9d38fe8\" data-element_type=\"container\" data-e-type=\"container\">\n\t\t\t\t\t<div class=\"e-con-inner\">\n\t\t<div class=\"elementor-element elementor-element-0acf515 e-con-full e-flex e-con e-child\" data-id=\"0acf515\" data-element_type=\"container\" data-e-type=\"container\">\n\t\t\t\t<\/div>\n\t\t<div class=\"elementor-element elementor-element-2f0158e e-con-full e-flex e-con e-child\" data-id=\"2f0158e\" data-element_type=\"container\" data-e-type=\"container\">\n\t\t\t\t<div class=\"elementor-element elementor-element-d601b77 elementor-widget__width-inherit elementor-widget elementor-widget-heading\" data-id=\"d601b77\" data-element_type=\"widget\" data-e-type=\"widget\" data-widget_type=\"heading.default\">\n\t\t\t\t<div class=\"elementor-widget-container\">\n\t\t\t\t\t<span class=\"elementor-heading-title elementor-size-default\">WEBER ESTATES<\/span>\t\t\t\t<\/div>\n\t\t\t\t<\/div>\n\t\t\t\t<div class=\"elementor-element elementor-element-1ef5051 elementor-widget__width-inherit elementor-widget elementor-widget-heading\" data-id=\"1ef5051\" data-element_type=\"widget\" data-e-type=\"widget\" data-widget_type=\"heading.default\">\n\t\t\t\t<div class=\"elementor-widget-container\">\n\t\t\t\t\t<h1 class=\"elementor-heading-title elementor-size-default\">Jul i M\u00e1laga: Hvad byder julen 2025 p\u00e5 <\/h1>\t\t\t\t<\/div>\n\t\t\t\t<\/div>\n\t\t\t\t<div class=\"elementor-element elementor-element-09bda42 elementor-widget-divider--view-line elementor-widget elementor-widget-divider\" data-id=\"09bda42\" data-element_type=\"widget\" data-e-type=\"widget\" data-widget_type=\"divider.default\">\n\t\t\t\t<div class=\"elementor-widget-container\">\n\t\t\t\t\t\t\t<div class=\"elementor-divider\">\n\t\t\t<span class=\"elementor-divider-separator\">\n\t\t\t\t\t\t<\/span>\n\t\t<\/div>\n\t\t\t\t\t\t<\/div>\n\t\t\t\t<\/div>\n\t\t\t\t<div class=\"elementor-element elementor-element-7256567 metrisch elementor-widget elementor-widget-text-editor\" data-id=\"7256567\" data-element_type=\"widget\" data-e-type=\"widget\" data-widget_type=\"text-editor.default\">\n\t\t\t\t<div class=\"elementor-widget-container\">\n\t\t\t\t\t\t\t\t\t<p>Hvis du ejer fast ejendom p\u00e5 Costa del Sol \u2013 hvad enten det er en villa i Marbella, en penthouselejlighed p\u00e5 en golfresort i Mijas eller en strandn\u00e6r lejlighed i <a href=\"\/benalmadena\/\">Benalm\u00e1dena<\/a> \u2013 men endnu ikke har fundet tid til at bes\u00f8ge M\u00e1laga, s\u00e5 er julen det perfekte tidspunkt. Hvert \u00e5r forvandles M\u00e1laga til en af Spaniens mest str\u00e5lende vinterdestinationer. Bes\u00f8gende valfarter til byen for at opleve de legendariske julelys, nyde festlige koncerter, g\u00e5 p\u00e5 opdagelse i julemarkeder og suge til sig af byens unikke blanding af middelhavsstemning og julehygge.<\/p><p>For at give dig et overblik over, hvad du har i vente, har <a href=\"https:\/\/weberestates.com\/\">Weber Estates<\/a> samlet en liste over de bedste datoer at bes\u00f8ge byen p\u00e5 og de begivenheder, du ikke m\u00e5 g\u00e5 glip af \u2013 kort sagt alt, hvad du beh\u00f8ver at vide om julen 2025 i M\u00e1laga.<\/p>\t\t\t\t\t\t\t\t<\/div>\n\t\t\t\t<\/div>\n\t\t\t\t<div class=\"elementor-element elementor-element-4727cef elementor-widget__width-inherit elementor-widget elementor-widget-heading\" data-id=\"4727cef\" data-element_type=\"widget\" data-e-type=\"widget\" data-widget_type=\"heading.default\">\n\t\t\t\t<div class=\"elementor-widget-container\">\n\t\t\t\t\t<h2 class=\"elementor-heading-title elementor-size-default\">Det bedste tidspunkt at bes\u00f8ge M\u00e1laga<\/h2>\t\t\t\t<\/div>\n\t\t\t\t<\/div>\n\t\t\t\t<div class=\"elementor-element elementor-element-69dc4f9 metrisch elementor-widget elementor-widget-text-editor\" data-id=\"69dc4f9\" data-element_type=\"widget\" data-e-type=\"widget\" data-widget_type=\"text-editor.default\">\n\t\t\t\t<div class=\"elementor-widget-container\">\n\t\t\t\t\t\t\t\t\t<p>Jer, der allerede kender Costa del Sol, ved, at spanierne elsker at feste \u2013 uanset om det er for at markere en religi\u00f8s h\u00f8jtid, en lokal skytshelgen eller en dag med national stolthed. Det kommer derfor n\u00e6ppe som en overraskelse, at de giver den fuld gas til jul, og som forventet vil centrum v\u00e6re meget travlt i h\u00f8js\u00e6sonen \u2013 men det er alt sammen en del af oplevelsen.<\/p><p>Julen begynder med den lange weekend omkring den 6. og 8. december, som begge er nationale helligdage og i 2025 falder p\u00e5 henholdsvis l\u00f8rdag og mandag. Disse dage tiltr\u00e6kker enorme m\u00e6ngder bes\u00f8gende, hvilket betyder, at byen vil v\u00e6re ekstremt travl p\u00e5 det tidspunkt. Hvis du foretr\u00e6kker at bes\u00f8ge M\u00e1laga, n\u00e5r der er lidt mere ro p\u00e5, s\u00e5 du kan g\u00e5 en afslappet tur og nyde julelysene i dit eget tempo uden for mange mennesker omkring dig, kan det v\u00e6re en god id\u00e9 at undg\u00e5 helligdagene i begyndelsen af december.<\/p><p>En af de roligste perioder er ofte dagene mellem jul og nyt\u00e5r. Her er der f\u00e6rre mennesker i gaderne, og du kan i fred og ro nyde b\u00e5de lyd- og lysshows.<\/p>\t\t\t\t\t\t\t\t<\/div>\n\t\t\t\t<\/div>\n\t\t\t\t<div class=\"elementor-element elementor-element-8249cfd elementor-widget__width-inherit elementor-widget elementor-widget-heading\" data-id=\"8249cfd\" data-element_type=\"widget\" data-e-type=\"widget\" data-widget_type=\"heading.default\">\n\t\t\t\t<div class=\"elementor-widget-container\">\n\t\t\t\t\t<h2 class=\"elementor-heading-title elementor-size-default\">De ber\u00f8mte julelys i M\u00e1laga<\/h2>\t\t\t\t<\/div>\n\t\t\t\t<\/div>\n\t\t\t\t<div class=\"elementor-element elementor-element-1aef41f metrisch elementor-widget elementor-widget-text-editor\" data-id=\"1aef41f\" data-element_type=\"widget\" data-e-type=\"widget\" data-widget_type=\"text-editor.default\">\n\t\t\t\t<div class=\"elementor-widget-container\">\n\t\t\t\t\t\t\t\t\t<p>Uden tvivl er M\u00e1lagas julelys h\u00f8jdepunktet af hele festlighederne. Hovedstr\u00f8get, Calle Larios, forvandles hvert \u00e5r til en lysende \u201ckatedral\u201d, der tiltr\u00e6kker b\u00e5de lokale og internationale bes\u00f8gende til de daglige lys- og lydshows. Hvert \u00e5r har sin eget tema \u2013 i 2024 var det \u201cHimmelske Engle\u201d, og i 2025 bliver temaet \u201cEn krybbe i lys\u201d, som vil forvandle hele gaden til et lys show. Der vil v\u00e6re 16 oplyste stjerner oven p\u00e5 32 s\u00f8jler, hver med en roset inspireret af scener fra juleevangeliet. Om dagen er det imponerende; om aftenen er det magisk.<\/p><p>I \u00e5r (2025) t\u00e6ndes lysene fredag den 28. november kl. 18.30 (if\u00f8lge de nuv\u00e6rende oplysninger). Byen vil v\u00e6re oplyst hver aften fra kl. 18.30 til midnat fra mandag til onsdag og til kl. 02.00 fra torsdag til s\u00f8ndag. P\u00e5 juleaften og nyt\u00e5rsaften vil lysene skinne hele natten igennem. Alt slukkes ved midnat p\u00e5 Helligtrekongersdag den 6. januar.<\/p>\t\t\t\t\t\t\t\t<\/div>\n\t\t\t\t<\/div>\n\t\t\t\t<div class=\"elementor-element elementor-element-0947723 elementor-widget__width-inherit elementor-widget elementor-widget-heading\" data-id=\"0947723\" data-element_type=\"widget\" data-e-type=\"widget\" data-widget_type=\"heading.default\">\n\t\t\t\t<div class=\"elementor-widget-container\">\n\t\t\t\t\t<h2 class=\"elementor-heading-title elementor-size-default\">Lys- og lydshows<\/h2>\t\t\t\t<\/div>\n\t\t\t\t<\/div>\n\t\t\t\t<div class=\"elementor-element elementor-element-08540ad metrisch elementor-widget elementor-widget-text-editor\" data-id=\"08540ad\" data-element_type=\"widget\" data-e-type=\"widget\" data-widget_type=\"text-editor.default\">\n\t\t\t\t<div class=\"elementor-widget-container\">\n\t\t\t\t\t\t\t\t\t<p>For at give den festlige stemning et ekstra l\u00f8ft er lys- og lydshowene tilbage igen i \u00e5r. De afholdes hver aften kl. 18.30, 20.30 og 22.00 \u2013 dog ikke juleaften og nyt\u00e5rsaften \u2013 og forts\u00e6tter frem til Helligtrekongersdag den 6. januar 2026.<\/p>\t\t\t\t\t\t\t\t<\/div>\n\t\t\t\t<\/div>\n\t\t\t\t<div class=\"elementor-element elementor-element-b554199 elementor-widget__width-inherit elementor-widget elementor-widget-heading\" data-id=\"b554199\" data-element_type=\"widget\" data-e-type=\"widget\" data-widget_type=\"heading.default\">\n\t\t\t\t<div class=\"elementor-widget-container\">\n\t\t\t\t\t<h2 class=\"elementor-heading-title elementor-size-default\">Lys ud over Calle Larios<\/h2>\t\t\t\t<\/div>\n\t\t\t\t<\/div>\n\t\t\t\t<div class=\"elementor-element elementor-element-d6c84b6 metrisch elementor-widget elementor-widget-text-editor\" data-id=\"d6c84b6\" data-element_type=\"widget\" data-e-type=\"widget\" data-widget_type=\"text-editor.default\">\n\t\t\t\t<div class=\"elementor-widget-container\">\n\t\t\t\t\t\t\t\t\t<p>Calle Larios er m\u00e5ske hovedattraktionen, men de omkringliggende gader er mindst lige s\u00e5 imponerende. Hovedgaden Alameda bliver oplyst af 270.000 LED-lys, der funkler i de enorme tr\u00e6er, og store selfie-venlige dekorationer pryder hele str\u00e6kningen. I alt vil M\u00e1laga blive oplyst af mere end 2,7 millioner LED-p\u00e6rer denne s\u00e6son. Blandt andre hotspots finder du Calle San Juan, hvor en \u201cFortryllet Hule\u201d venter, samt gigantiske juletr\u00e6er p\u00e5 Plaza de la Constituci\u00f3n, Plaza de la Marina og Plaza de Jer\u00f3nimo Cuervo ved Cervantes-teatret.\u00a0<\/p>\t\t\t\t\t\t\t\t<\/div>\n\t\t\t\t<\/div>\n\t\t\t\t<div class=\"elementor-element elementor-element-47cd208 elementor-widget__width-inherit elementor-widget elementor-widget-heading\" data-id=\"47cd208\" data-element_type=\"widget\" data-e-type=\"widget\" data-widget_type=\"heading.default\">\n\t\t\t\t<div class=\"elementor-widget-container\">\n\t\t\t\t\t<h2 class=\"elementor-heading-title elementor-size-default\">Videomapping p\u00e5 katedralen<\/h2>\t\t\t\t<\/div>\n\t\t\t\t<\/div>\n\t\t\t\t<div class=\"elementor-element elementor-element-4d26ae6 metrisch elementor-widget elementor-widget-text-editor\" data-id=\"4d26ae6\" data-element_type=\"widget\" data-e-type=\"widget\" data-widget_type=\"text-editor.default\">\n\t\t\t\t<div class=\"elementor-widget-container\">\n\t\t\t\t\t\t\t\t\t<p>En af de mest imponerende og magiske oplevelser er 3D-videomappingen, der projiceres p\u00e5 M\u00e1lagas katedral. \u00c5rets show, \u201cDr\u00f8mmefiskeren\u201d, hylder den traditionelle fiskes\u00e6lger fra M\u00e1laga (cenachero).<br \/>Projektionen vises p\u00e5 katedralens sydt\u00e5rn med tre daglige forestillinger kl. 19.00, 20.30 og 22.00 fra den 29. november til den 4. januar (dog ikke juleaften og nyt\u00e5rsaften).<\/p>\t\t\t\t\t\t\t\t<\/div>\n\t\t\t\t<\/div>\n\t\t\t\t<div class=\"elementor-element elementor-element-dfda42d elementor-widget__width-inherit elementor-widget elementor-widget-heading\" data-id=\"dfda42d\" data-element_type=\"widget\" data-e-type=\"widget\" data-widget_type=\"heading.default\">\n\t\t\t\t<div class=\"elementor-widget-container\">\n\t\t\t\t\t<h2 class=\"elementor-heading-title elementor-size-default\">Tider og datoer<\/h2>\t\t\t\t<\/div>\n\t\t\t\t<\/div>\n\t\t\t\t<div class=\"elementor-element elementor-element-b19b861 metrisch elementor-widget elementor-widget-text-editor\" data-id=\"b19b861\" data-element_type=\"widget\" data-e-type=\"widget\" data-widget_type=\"text-editor.default\">\n\t\t\t\t<div class=\"elementor-widget-container\">\n\t\t\t\t\t\t\t\t\t<p>28. november \u2013 T\u00e6nding af julelys<br \/>\u2022 18.30\u201300.00 (mandag til onsdag)<br \/>\u2022 18.30\u201302.00 (torsdag til s\u00f8ndag)<strong><br \/><\/strong>\u2022 Juleaften &amp; nyt\u00e5rsaften \u2013 18.30\u201306.00<\/p><p>29. november \u2013 Lys- og lydshows begynder<strong><br \/><\/strong>\u2022 Daglige shows kl. 18.30, 20.30 og 22.00<br \/>\u2022 (Ingen shows juleaften eller nyt\u00e5rsaften)<\/p><p>6. januar \u2013 Lysene slukkes ved midnat<\/p>\t\t\t\t\t\t\t\t<\/div>\n\t\t\t\t<\/div>\n\t\t\t\t<div class=\"elementor-element elementor-element-141cad8 elementor-widget__width-inherit elementor-widget elementor-widget-heading\" data-id=\"141cad8\" data-element_type=\"widget\" data-e-type=\"widget\" data-widget_type=\"heading.default\">\n\t\t\t\t<div class=\"elementor-widget-container\">\n\t\t\t\t\t<h2 class=\"elementor-heading-title elementor-size-default\">Helligdage i julen<\/h2>\t\t\t\t<\/div>\n\t\t\t\t<\/div>\n\t\t\t\t<div class=\"elementor-element elementor-element-43bb5a8 metrisch elementor-widget elementor-widget-text-editor\" data-id=\"43bb5a8\" data-element_type=\"widget\" data-e-type=\"widget\" data-widget_type=\"text-editor.default\">\n\t\t\t\t<div class=\"elementor-widget-container\">\n\t\t\t\t\t\t\t\t\t<p>P\u00e5 disse dage holder butikker, museer og sev\u00e6rdigheder lukket, og mange restauranter tager ogs\u00e5 fri. Det er muligt at spise ude juleaften, men det kr\u00e6ver planl\u00e6gning \u2013 man kan ikke regne med, at restauranterne holder \u00e5bent. Dog plejer hotelrestauranter at have \u00e5bent gennem hele juleperioden, og en r\u00e6kke spisesteder p\u00e5 Muelle Uno og Plaza de la Merced kan ogs\u00e5 v\u00e6re \u00e5bne (det er dog endnu for tidligt at sige med sikkerhed). P\u00e5 b\u00e5de juleaften og nyt\u00e5rsaften lukker butikkerne som regel fra sidst p\u00e5 eftermiddagen til f\u00f8rst p\u00e5 aftenen.<\/p><p>I \u00e5r falder helligdagene p\u00e5:<br \/>\u2022 Torsdag den 25. december (juledag)<br \/>\u2022 Torsdag den 1. januar (nyt\u00e5rsdag)<br \/>\u2022 Tirsdag den 6. januar 2026 (Helligtrekonger \/ Epifani)<\/p>\t\t\t\t\t\t\t\t<\/div>\n\t\t\t\t<\/div>\n\t\t\t\t<div class=\"elementor-element elementor-element-1cea215 elementor-widget__width-inherit elementor-widget elementor-widget-heading\" data-id=\"1cea215\" data-element_type=\"widget\" data-e-type=\"widget\" data-widget_type=\"heading.default\">\n\t\t\t\t<div class=\"elementor-widget-container\">\n\t\t\t\t\t<h2 class=\"elementor-heading-title elementor-size-default\">Andre juleaktiviteter i M\u00e1laga<\/h2>\t\t\t\t<\/div>\n\t\t\t\t<\/div>\n\t\t\t\t<div class=\"elementor-element elementor-element-f8c92cc metrisch elementor-widget elementor-widget-text-editor\" data-id=\"f8c92cc\" data-element_type=\"widget\" data-e-type=\"widget\" data-widget_type=\"text-editor.default\">\n\t\t\t\t<div class=\"elementor-widget-container\">\n\t\t\t\t\t\t\t\t\t<p>Der er masser af andre aktiviteter, du kan nyde i M\u00e1laga. Her er nogle af de bedste muligheder for alle aldersgrupper:<\/p>\t\t\t\t\t\t\t\t<\/div>\n\t\t\t\t<\/div>\n\t\t\t\t<div class=\"elementor-element elementor-element-6505a03 elementor-widget__width-inherit elementor-widget elementor-widget-heading\" data-id=\"6505a03\" data-element_type=\"widget\" data-e-type=\"widget\" data-widget_type=\"heading.default\">\n\t\t\t\t<div class=\"elementor-widget-container\">\n\t\t\t\t\t<h2 class=\"elementor-heading-title elementor-size-default\">Ballet<\/h2>\t\t\t\t<\/div>\n\t\t\t\t<\/div>\n\t\t\t\t<div class=\"elementor-element elementor-element-eb1c1e5 metrisch elementor-widget elementor-widget-text-editor\" data-id=\"eb1c1e5\" data-element_type=\"widget\" data-e-type=\"widget\" data-widget_type=\"text-editor.default\">\n\t\t\t\t<div class=\"elementor-widget-container\">\n\t\t\t\t\t\t\t\t\t<p>Balletentusiaster kan opleve Tjajkovskijs s\u00e6sonklassikere <a href=\"https:\/\/www.elcorteingles.es\/entradas\/teatro\/entradas-el-lago-de-los-cisnes-tchaikovsky-ivanov-malaga\/\" target=\"_blank\" rel=\"noopener\">Svanes\u00f8en (20. december til 18. januar)<\/a> og<a href=\"https:\/\/www.elcorteingles.es\/entradas\/teatro\/entradas-el-cascanueces-tchaikovsky-ivanov-malaga-46682466823113\/\" target=\"_blank\" rel=\"noopener\"> N\u00f8ddekn\u00e6kkeren (20. december til 18. januar)<\/a> i FYCMA \u2013 Palacio de Ferias y Congresos i M\u00e1laga.\u00a0<\/p>\t\t\t\t\t\t\t\t<\/div>\n\t\t\t\t<\/div>\n\t\t\t\t<div class=\"elementor-element elementor-element-55b0b7e elementor-widget__width-inherit elementor-widget elementor-widget-heading\" data-id=\"55b0b7e\" data-element_type=\"widget\" data-e-type=\"widget\" data-widget_type=\"heading.default\">\n\t\t\t\t<div class=\"elementor-widget-container\">\n\t\t\t\t\t<h2 class=\"elementor-heading-title elementor-size-default\">Alice Christmas \u2013 <a href=\"https:\/\/lucesdelaconcepcion.es\/\" target=\"_blank\" rel=\"noopener\"> julelys i de botaniske haver <\/a><\/h2>\t\t\t\t<\/div>\n\t\t\t\t<\/div>\n\t\t\t\t<div class=\"elementor-element elementor-element-867ecfa metrisch elementor-widget elementor-widget-text-editor\" data-id=\"867ecfa\" data-element_type=\"widget\" data-e-type=\"widget\" data-widget_type=\"text-editor.default\">\n\t\t\t\t<div class=\"elementor-widget-container\">\n\t\t\t\t\t\t\t\t\t<p>Hvert \u00e5r byder Jard\u00edn Bot\u00e1nico p\u00e5 en af byens mest magiske oplevelser, og temaet for 2025 er \u201cAlice Christmas\u201d, inspireret af <em>Alice i Eventyrland<\/em>. Ruten gennem haverne er oplyst, og lysene snor sig mellem monumenter, stier og skovomr\u00e5der. Fra 28. november til 6. januar, kl. 18.30\u201322.30.<\/p>\t\t\t\t\t\t\t\t<\/div>\n\t\t\t\t<\/div>\n\t\t\t\t<div class=\"elementor-element elementor-element-ae2ded7 elementor-widget__width-inherit elementor-widget elementor-widget-heading\" data-id=\"ae2ded7\" data-element_type=\"widget\" data-e-type=\"widget\" data-widget_type=\"heading.default\">\n\t\t\t\t<div class=\"elementor-widget-container\">\n\t\t\t\t\t<h2 class=\"elementor-heading-title elementor-size-default\">Santa\u2019s Chocoland<\/h2>\t\t\t\t<\/div>\n\t\t\t\t<\/div>\n\t\t\t\t<div class=\"elementor-element elementor-element-34ecb97 metrisch elementor-widget elementor-widget-text-editor\" data-id=\"34ecb97\" data-element_type=\"widget\" data-e-type=\"widget\" data-widget_type=\"text-editor.default\">\n\t\t\t\t<div class=\"elementor-widget-container\">\n\t\t\t\t\t\t\t\t\t<p>Som en del af julefestlighederne p\u00e5 Muelle Uno vender julemanden tilbage med sin chokoladebutik. For \u00e5bningstider og datoer henvises der til dette <a href=\"https:\/\/www.muelleuno.com\/en\/events\/welcome-to-chocoland\/\" target=\"_blank\" rel=\"noopener\">website<\/a>.<\/p>\t\t\t\t\t\t\t\t<\/div>\n\t\t\t\t<\/div>\n\t\t\t\t<div class=\"elementor-element elementor-element-0f8eede elementor-widget__width-inherit elementor-widget elementor-widget-heading\" data-id=\"0f8eede\" data-element_type=\"widget\" data-e-type=\"widget\" data-widget_type=\"heading.default\">\n\t\t\t\t<div class=\"elementor-widget-container\">\n\t\t\t\t\t<h2 class=\"elementor-heading-title elementor-size-default\"><a href=\"https:\/\/blog.visitacostadelsol.com\/en\/tradition-belenes-costa-del-sol\" target=\"_blank\" rel=\"noopener\">Julekrybber<\/a><\/h2>\t\t\t\t<\/div>\n\t\t\t\t<\/div>\n\t\t\t\t<div class=\"elementor-element elementor-element-ac6797a metrisch elementor-widget elementor-widget-text-editor\" data-id=\"ac6797a\" data-element_type=\"widget\" data-e-type=\"widget\" data-widget_type=\"text-editor.default\">\n\t\t\t\t<div class=\"elementor-widget-container\">\n\t\t\t\t\t\t\t\t\t<p>Alene i M\u00e1laga vil der v\u00e6re omkring 80 julekrybber, omhyggeligt opstillet rundt omkring i byen \u2013 noget, der begejstrer b\u00e5de b\u00f8rn og voksne. Den officielle julekrybbe (Bel\u00e9n Municipal M\u00e1laga) findes i Patio de Banderas ved Casona del Parque. Med sine 500 figurer og et areal p\u00e5 150 m\u00b2 er den en af de mest imponerende sev\u00e6rdigheder, du kommer til at opleve denne jul.<\/p><p>Dette er blot et udvalg af de mange hyggelige aktiviteter, du kan nyde i M\u00e1laga. Hvis du gerne vil have mere fleksibilitet i dine planer, kan du tage en afslappet g\u00e5tur gennem byen, udforske julemarkederne, smage l\u00e6kre tapas, bes\u00f8ge en kunstudstilling, g\u00e5 en tur p\u00e5 stranden eller nyde en sundowner p\u00e5 en af byens tagterrasser \u2013 og meget mere.<\/p><p>Hvis du \u00f8nsker mere information om <a href=\"\/boliger\/\">boliger til salg p\u00e5 Costa del Sol<\/a>, samt om livsstil og aktiviteter i <a href=\"\/marbella\/\">Marbella<\/a> og omegn, s\u00e5 kontakt Birgitte p\u00e5 email: <a href=\"mailto:birgitte@weberestates.com\">birgitte@weberestates.com<\/a> eller \u00a0+34 683 391 512.<\/p>\t\t\t\t\t\t\t\t<\/div>\n\t\t\t\t<\/div>\n\t\t\t\t<div class=\"elementor-element elementor-element-d1bebb8 elementor-widget-divider--view-line elementor-widget elementor-widget-divider\" data-id=\"d1bebb8\" data-element_type=\"widget\" data-e-type=\"widget\" data-widget_type=\"divider.default\">\n\t\t\t\t<div class=\"elementor-widget-container\">\n\t\t\t\t\t\t\t<div class=\"elementor-divider\">\n\t\t\t<span class=\"elementor-divider-separator\">\n\t\t\t\t\t\t<\/span>\n\t\t<\/div>\n\t\t\t\t\t\t<\/div>\n\t\t\t\t<\/div>\n\t\t\t\t<div class=\"elementor-element elementor-element-ef24e4c elementor-widget__width-inherit elementor-widget elementor-widget-heading\" data-id=\"ef24e4c\" data-element_type=\"widget\" data-e-type=\"widget\" data-widget_type=\"heading.default\">\n\t\t\t\t<div class=\"elementor-widget-container\">\n\t\t\t\t\t<h2 class=\"elementor-heading-title elementor-size-default\">Ofte stillede sp\u00f8rgsm\u00e5l<\/h2>\t\t\t\t<\/div>\n\t\t\t\t<\/div>\n\t\t\t\t<div class=\"elementor-element elementor-element-31b20ed elementor-widget elementor-widget-html\" data-id=\"31b20ed\" data-element_type=\"widget\" data-e-type=\"widget\" data-no-translation=\"\" data-widget_type=\"html.default\">\n\t\t\t\t<div class=\"elementor-widget-container\">\n\t\t\t\t\t<style>.elementor-element-31b20ed{display:none !important}<\/style>\t\t\t\t<\/div>\n\t\t\t\t<\/div>\n\t\t\t\t<div class=\"elementor-element elementor-element-77d4b93 elementor-widget elementor-widget-html\" data-id=\"77d4b93\" data-element_type=\"widget\" data-e-type=\"widget\" data-no-translation=\"\" data-widget_type=\"html.default\">\n\t\t\t\t<div class=\"elementor-widget-container\">\n\t\t\t\t\t<style>.elementor-element-77d4b93{display:none !important}<\/style>\t\t\t\t<\/div>\n\t\t\t\t<\/div>\n\t\t\t\t<div class=\"elementor-element elementor-element-910f1bb elementor-widget elementor-widget-html\" data-id=\"910f1bb\" data-element_type=\"widget\" data-e-type=\"widget\" data-no-translation=\"\" data-widget_type=\"html.default\">\n\t\t\t\t<div class=\"elementor-widget-container\">\n\t\t\t\t\t<div class=\"wp-block-rank-math-faq-block\">\n  <div class=\"rank-math-faq-item\">\n    <h3 class=\"rank-math-question\"><strong>I want to buy a holiday home on the Costa del Sol. Is M\u00e1laga worth a day trip at Christmas?<\/strong><\/h3>\n    <div class=\"rank-math-answer\">\n      Absolutely. If you are lucky enough to have snapped up one of the highly sought-after villas for sale in Marbella or you are ready to buy property in Fuengirola or Mijas, M\u00e1laga is a must at Christmas. You can see the famous Calle Larios lights, stroll along Muelle Uno (the marina), visit nativity scenes and enjoy tapas in the historic centre \u2013 all in one afternoon and evening. It\u2019s a great way to add extra value and enjoyment to owning a property on the Costa del Sol.\n    <\/div>\n  <\/div>\n\n  <div class=\"rank-math-faq-item\">\n    <h3 class=\"rank-math-question\"><strong>Are shops and services open if I come for a winter viewing trip?<\/strong><\/h3>\n    <div class=\"rank-math-answer\">\n      Yes, with a few exceptions. The main public holidays are 25 December, 1 January and 6 January, when most shops, museums and many restaurants close. On Christmas Eve and New Year\u2019s Eve, shops usually shut mid-afternoon. Outside of those dates, when you come to view property for sale on the Costa del Sol, you will find normal opening hours \u2013 making December a very practical month to combine property viewings with Christmas activities.\n    <\/div>\n  <\/div>\n\n  <div class=\"rank-math-faq-item\">\n    <h3 class=\"rank-math-question\"><strong>Does Christmas impact short-term rental potential for property on the Costa del Sol?<\/strong><\/h3>\n    <div class=\"rank-math-answer\">\n      Yes \u2013 in a positive way. Christmas and New Year are popular times for city breaks in M\u00e1laga, especially among visitors seeking winter sunshine. Property in the Costa del Sol\u2019s \u201cGolden Triangle\u201d (Marbella, Estepona and Benahav\u00eds), Fuengirola, Mijas Costa, Benalm\u00e1dena and the luxury enclave of El Higuer\u00f3n are all in demand as winter-sun destinations. If your property is licensed for holiday rentals, the festive season can be a strong booking period, especially for well-located, modern homes. Find out more about holiday rental laws <a href=\"https:\/\/weberestates.com\/en\/new-property-laws-in-spain-2025\/\">here<\/a>.\n    <\/div>\n  <\/div>\n<\/div>\n\t\t\t\t<\/div>\n\t\t\t\t<\/div>\n\t\t\t\t<div class=\"elementor-element elementor-element-5191712 elementor-widget elementor-widget-html\" data-id=\"5191712\" data-element_type=\"widget\" data-e-type=\"widget\" data-no-translation=\"\" data-widget_type=\"html.default\">\n\t\t\t\t<div class=\"elementor-widget-container\">\n\t\t\t\t\t<script type=\"application\/ld+json\">\n{\n  \"@context\": \"https:\/\/schema.org\",\n  \"@type\": \"FAQPage\",\n  \"mainEntity\": [\n    {\n      \"@type\": \"Question\",\n      \"name\": \"I want to buy a holiday home on the Costa del Sol. Is M\u00e1laga worth a day trip at Christmas?\",\n      \"acceptedAnswer\": {\n        \"@type\": \"Answer\",\n        \"text\": \"Absolutely. If you are lucky enough to have snapped up one of the highly sought-after villas for sale in Marbella or you are ready to buy property in Fuengirola or Mijas, M\u00e1laga is a must at Christmas. You can see the famous Calle Larios lights, stroll along Muelle Uno, visit nativity scenes and enjoy tapas in the historic centre \u2013 all in one afternoon and evening. It\u2019s a great way to add extra value and enjoyment to owning a property on the Costa del Sol.\"\n      }\n    },\n    {\n      \"@type\": \"Question\",\n      \"name\": \"Are shops and services open if I come for a winter viewing trip?\",\n      \"acceptedAnswer\": {\n        \"@type\": \"Answer\",\n        \"text\": \"Yes, with a few exceptions. The main public holidays are 25 December, 1 January and 6 January, when most shops, museums and many restaurants close. On Christmas Eve and New Year\u2019s Eve, shops usually shut mid-afternoon. Outside of those dates, when you come to view property for sale on the Costa del Sol, you will find normal opening hours, making December a very practical month to combine property viewings with Christmas activities.\"\n      }\n    },\n    {\n      \"@type\": \"Question\",\n      \"name\": \"Does Christmas impact short-term rental potential for property on the Costa del Sol?\",\n      \"acceptedAnswer\": {\n        \"@type\": \"Answer\",\n        \"text\": \"Yes \u2013 in a positive way. Christmas and New Year are popular times for city breaks in M\u00e1laga, especially among visitors seeking winter sunshine. Property in the Costa del Sol\u2019s Golden Triangle (Marbella, Estepona and Benahav\u00eds), Fuengirola, Mijas Costa, Benalm\u00e1dena and the luxury enclave of El Higuer\u00f3n are all popular winter-sun hotspots. If your property is licensed for holiday rentals, the festive season can be a strong booking period, especially for well-located, modern homes.\"\n      }\n    }\n  ]\n}\n<\/script>\n\t\t\t\t<\/div>\n\t\t\t\t<\/div>\n\t\t\t\t<\/div>\n\t\t<div class=\"elementor-element elementor-element-999fa6a e-con-full e-flex e-con e-child\" data-id=\"999fa6a\" data-element_type=\"container\" data-e-type=\"container\">\n\t\t\t\t<\/div>\n\t\t\t\t\t<\/div>\n\t\t\t\t<\/div>\n\t\t<div class=\"elementor-element elementor-element-874c09a e-flex e-con-boxed e-con e-parent\" data-id=\"874c09a\" data-element_type=\"container\" data-e-type=\"container\">\n\t\t\t\t\t<div class=\"e-con-inner\">\n\t\t\t\t\t<\/div>\n\t\t\t\t<\/div>\n\t\t<div class=\"elementor-element elementor-element-e95733e e-flex e-con-boxed e-con e-parent\" data-id=\"e95733e\" data-element_type=\"container\" data-e-type=\"container\">\n\t\t\t\t\t<div class=\"e-con-inner\">\n\t\t\t\t\t<\/div>\n\t\t\t\t<\/div>\n\t\t\t\t<\/div>\n\t\t","protected":false},"excerpt":{"rendered":"<p>Hvis du ejer fast ejendom p\u00e5 Costa del Sol \u2013 hvad enten det er en villa i Marbella, en penthouselejlighed p\u00e5 en golfresort i Mijas eller en strandn\u00e6r lejlighed i Benalm\u00e1dena \u2013 men endnu ikke har fundet tid til at bes\u00f8ge M\u00e1laga, s\u00e5 er julen det perfekte tidspunkt.<\/p>","protected":false},"author":2,"featured_media":2967,"comment_status":"closed","ping_status":"closed","sticky":false,"template":"","format":"standard","meta":{"_acf_changed":false,"content-type":"","footnotes":""},"categories":[27],"tags":[31,33,41],"class_list":["post-2966","post","type-post","status-publish","format-standard","has-post-thumbnail","hentry","category-news","tag-costa-del-sol","tag-fuengirola","tag-sommerfestivaler"],"acf":[],"_links":{"self":[{"href":"https:\/\/weberestates.com\/en\/wp-json\/wp\/v2\/posts\/2966","targetHints":{"allow":["GET"]}}],"collection":[{"href":"https:\/\/weberestates.com\/en\/wp-json\/wp\/v2\/posts"}],"about":[{"href":"https:\/\/weberestates.com\/en\/wp-json\/wp\/v2\/types\/post"}],"author":[{"embeddable":true,"href":"https:\/\/weberestates.com\/en\/wp-json\/wp\/v2\/users\/2"}],"replies":[{"embeddable":true,"href":"https:\/\/weberestates.com\/en\/wp-json\/wp\/v2\/comments?post=2966"}],"version-history":[{"count":29,"href":"https:\/\/weberestates.com\/en\/wp-json\/wp\/v2\/posts\/2966\/revisions"}],"predecessor-version":[{"id":3247,"href":"https:\/\/weberestates.com\/en\/wp-json\/wp\/v2\/posts\/2966\/revisions\/3247"}],"wp:featuredmedia":[{"embeddable":true,"href":"https:\/\/weberestates.com\/en\/wp-json\/wp\/v2\/media\/2967"}],"wp:attachment":[{"href":"https:\/\/weberestates.com\/en\/wp-json\/wp\/v2\/media?parent=2966"}],"wp:term":[{"taxonomy":"category","embeddable":true,"href":"https:\/\/weberestates.com\/en\/wp-json\/wp\/v2\/categories?post=2966"},{"taxonomy":"post_tag","embeddable":true,"href":"https:\/\/weberestates.com\/en\/wp-json\/wp\/v2\/tags?post=2966"}],"curies":[{"name":"wp","href":"https:\/\/api.w.org\/{rel}","templated":true}]}}