{"id":2796,"date":"2025-09-01T15:53:55","date_gmt":"2025-09-01T13:53:55","guid":{"rendered":"https:\/\/weberestates.com\/?p=2796"},"modified":"2026-02-04T16:01:04","modified_gmt":"2026-02-04T15:01:04","slug":"autumn-adventures-costa-del-sol","status":"publish","type":"post","link":"https:\/\/weberestates.com\/en\/efterar-pa-costa-del-sol\/","title":{"rendered":"Autumn adventures: Cool things to do on the Costa del Sol"},"content":{"rendered":"\t\t<div data-elementor-type=\"wp-post\" data-elementor-id=\"2796\" class=\"elementor elementor-2796\" data-elementor-post-type=\"post\">\n\t\t\t\t<div class=\"elementor-element elementor-element-5b22c68 e-flex e-con-boxed e-con e-parent\" data-id=\"5b22c68\" data-element_type=\"container\" data-e-type=\"container\">\n\t\t\t\t\t<div class=\"e-con-inner\">\n\t\t\t\t<div class=\"elementor-element elementor-element-dcc54d0 elementor-widget elementor-widget-image\" data-id=\"dcc54d0\" data-element_type=\"widget\" data-e-type=\"widget\" data-widget_type=\"image.default\">\n\t\t\t\t<div class=\"elementor-widget-container\">\n\t\t\t\t\t\t\t\t\t\t\t\t\t\t\t<img loading=\"lazy\" decoding=\"async\" width=\"1900\" height=\"1425\" src=\"https:\/\/weberestates.com\/wp-content\/uploads\/2025\/09\/shutterstock_2053697789.webp\" class=\"attachment-full size-full wp-image-2801\" alt=\"Efter\u00e5r p\u00e5 Costa del Sol - Weber Estates\" srcset=\"https:\/\/weberestates.com\/wp-content\/uploads\/2025\/09\/shutterstock_2053697789.webp 1900w, https:\/\/weberestates.com\/wp-content\/uploads\/2025\/09\/shutterstock_2053697789-300x225.webp 300w, https:\/\/weberestates.com\/wp-content\/uploads\/2025\/09\/shutterstock_2053697789-1024x768.webp 1024w, https:\/\/weberestates.com\/wp-content\/uploads\/2025\/09\/shutterstock_2053697789-768x576.webp 768w, https:\/\/weberestates.com\/wp-content\/uploads\/2025\/09\/shutterstock_2053697789-1536x1152.webp 1536w, https:\/\/weberestates.com\/wp-content\/uploads\/2025\/09\/shutterstock_2053697789-16x12.webp 16w\" sizes=\"auto, (max-width: 1900px) 100vw, 1900px\" \/>\t\t\t\t\t\t\t\t\t\t\t\t\t\t\t<\/div>\n\t\t\t\t<\/div>\n\t\t\t\t\t<\/div>\n\t\t\t\t<\/div>\n\t\t<div class=\"elementor-element elementor-element-9d38fe8 e-flex e-con-boxed e-con e-parent\" data-id=\"9d38fe8\" data-element_type=\"container\" data-e-type=\"container\">\n\t\t\t\t\t<div class=\"e-con-inner\">\n\t\t<div class=\"elementor-element elementor-element-0acf515 e-con-full e-flex e-con e-child\" data-id=\"0acf515\" data-element_type=\"container\" data-e-type=\"container\">\n\t\t\t\t<\/div>\n\t\t<div class=\"elementor-element elementor-element-2f0158e e-con-full e-flex e-con e-child\" data-id=\"2f0158e\" data-element_type=\"container\" data-e-type=\"container\">\n\t\t\t\t<div class=\"elementor-element elementor-element-d601b77 elementor-widget__width-inherit elementor-widget elementor-widget-heading\" data-id=\"d601b77\" data-element_type=\"widget\" data-e-type=\"widget\" data-widget_type=\"heading.default\">\n\t\t\t\t<div class=\"elementor-widget-container\">\n\t\t\t\t\t<span class=\"elementor-heading-title elementor-size-default\">WEBER ESTATES<\/span>\t\t\t\t<\/div>\n\t\t\t\t<\/div>\n\t\t\t\t<div class=\"elementor-element elementor-element-1ef5051 elementor-widget__width-inherit elementor-widget elementor-widget-heading\" data-id=\"1ef5051\" data-element_type=\"widget\" data-e-type=\"widget\" data-widget_type=\"heading.default\">\n\t\t\t\t<div class=\"elementor-widget-container\">\n\t\t\t\t\t<h1 class=\"elementor-heading-title elementor-size-default\">Efter\u00e5r p\u00e5 Costa del Sol<\/h1>\t\t\t\t<\/div>\n\t\t\t\t<\/div>\n\t\t\t\t<div class=\"elementor-element elementor-element-09bda42 elementor-widget-divider--view-line elementor-widget elementor-widget-divider\" data-id=\"09bda42\" data-element_type=\"widget\" data-e-type=\"widget\" data-widget_type=\"divider.default\">\n\t\t\t\t<div class=\"elementor-widget-container\">\n\t\t\t\t\t\t\t<div class=\"elementor-divider\">\n\t\t\t<span class=\"elementor-divider-separator\">\n\t\t\t\t\t\t<\/span>\n\t\t<\/div>\n\t\t\t\t\t\t<\/div>\n\t\t\t\t<\/div>\n\t\t\t\t<div class=\"elementor-element elementor-element-7256567 metrisch elementor-widget elementor-widget-text-editor\" data-id=\"7256567\" data-element_type=\"widget\" data-e-type=\"widget\" data-widget_type=\"text-editor.default\">\n\t\t\t\t<div class=\"elementor-widget-container\">\n\t\t\t\t\t\t\t\t\t<p>Uanset om du slapper af i din bolig i Marbella, nyder livet i din penthouse med pool i Fuengirola, eller tilbringer sommeren p\u00e5 stranden ved Costa del Sol, er det en livsstil, mange dr\u00f8mmer om \u2013 men kun de f\u00e6rreste f\u00e5r lov at opleve. N\u00e5r efter\u00e5ret melder sin ankomst, og den sydende sommervarme erstattes af mildere temperaturer og frisk luft, bliver det lettere at v\u00e6re aktiv og nyde omgivelserne.<\/p><p>Hvis du endnu ikke har k\u00f8bt en bolig p\u00e5 Costa del Sol, men dr\u00f8mmer om at finde dit eget sted \u2013 hvad enten det er i La Mairena, El Higuer\u00f3n eller Marbella \u2013 hvorfor s\u00e5 ikke planl\u00e6gge en rejse og opleve omr\u00e5dets fantastiske natur, aktiviteter og faciliteter, som kan nydes hele efter\u00e5ret?<\/p><p>For at give dig en fornemmelse af, hvor mangfoldig og farverig Costa del Sol virkelig er, har vi samlet et par af vores yndlingsaktiviteter til efter\u00e5rss\u00e6sonen:<\/p>\t\t\t\t\t\t\t\t<\/div>\n\t\t\t\t<\/div>\n\t\t\t\t<div class=\"elementor-element elementor-element-4727cef elementor-widget__width-inherit elementor-widget elementor-widget-heading\" data-id=\"4727cef\" data-element_type=\"widget\" data-e-type=\"widget\" data-widget_type=\"heading.default\">\n\t\t\t\t<div class=\"elementor-widget-container\">\n\t\t\t\t\t<h2 class=\"elementor-heading-title elementor-size-default\">1. Kom i gang med golf<\/h2>\t\t\t\t<\/div>\n\t\t\t\t<\/div>\n\t\t\t\t<div class=\"elementor-element elementor-element-69dc4f9 metrisch elementor-widget elementor-widget-text-editor\" data-id=\"69dc4f9\" data-element_type=\"widget\" data-e-type=\"widget\" data-widget_type=\"text-editor.default\">\n\t\t\t\t<div class=\"elementor-widget-container\">\n\t\t\t\t\t\t\t\t\t<p>Costa del Sol er en magnet for golfentusiaster, der b\u00e5de nyder spillet og det sociale liv omkring det. De heldige, der ejer en bolig ved en golfbane, kan v\u00e5gne op til en fantastisk udsigt over b\u00f8lgende greens \u2013 ofte med Middelhavet glimtende i horisonten. Erfarne spillere ved, at sommerm\u00e5nederne kan v\u00e6re for varme til golf, medmindre man st\u00e5r tidligt op. Men n\u00e5r midsommerens hede aftager, forvandler omr\u00e5det sig til et sandt golfparadis.<\/p><h4><strong>Efter\u00e5ret bringer liv p\u00e5 golfbanerne<\/strong><\/h4><p>Efter\u00e5ret er ogs\u00e5 h\u00f8js\u00e6son for golfens sociale liv. I denne periode afholdes der et v\u00e6ld af arrangementer \u2013 lige fra middage og fester til b\u00e5de professionelle og amat\u00f8rturneringer. Her har du mulighed for at deltage aktivt eller blot nyde den afslappede og stemningsfulde atmosf\u00e6re som tilskuer.<\/p><p>Med over 70 golfbaner langs Costa del Sol, herunder kendte navne som <a href=\"https:\/\/santamariagolfclub.com\/en\/\" target=\"_blank\" rel=\"noopener\">Santa Maria Golf &amp; Country Club<\/a>, <a href=\"https:\/\/golftorrequebrada.com\/es\/\" target=\"_blank\" rel=\"noopener\">Golf Torrequebrada<\/a> og den ikoniske <a href=\"https:\/\/www.valderrama.com\/\" target=\"_blank\" rel=\"noopener\">Real Club Valderrama<\/a>,, er der garanti for, at du finder en bane, der matcher dine pr\u00e6ferencer \u2013 uanset niveau og ambition. \u00d8nsker du at deltage i en turnering, kan du finde information og tilmelding via det andalusiske golfforbund <a href=\"https:\/\/www.golfandalucia.com\/\" target=\"_blank\" rel=\"noopener\">Andalusian Golf Federation<\/a>.<\/p>\t\t\t\t\t\t\t\t<\/div>\n\t\t\t\t<\/div>\n\t\t\t\t<div class=\"elementor-element elementor-element-8249cfd elementor-widget__width-inherit elementor-widget elementor-widget-heading\" data-id=\"8249cfd\" data-element_type=\"widget\" data-e-type=\"widget\" data-widget_type=\"heading.default\">\n\t\t\t\t<div class=\"elementor-widget-container\">\n\t\t\t\t\t<h2 class=\"elementor-heading-title elementor-size-default\">2. Nyd den fantastiske natur<\/h2>\t\t\t\t<\/div>\n\t\t\t\t<\/div>\n\t\t\t\t<div class=\"elementor-element elementor-element-1aef41f metrisch elementor-widget elementor-widget-text-editor\" data-id=\"1aef41f\" data-element_type=\"widget\" data-e-type=\"widget\" data-widget_type=\"text-editor.default\">\n\t\t\t\t<div class=\"elementor-widget-container\">\n\t\t\t\t\t\t\t\t\t<p>Det kan v\u00e6re sv\u00e6rt at v\u00e6lge, hvor man skal begynde, for det sydlige Spanien byder p\u00e5 et v\u00e6ld af betagende landskaber og kyststr\u00e6kninger. Derfor har vi udvalgt tre s\u00e6rligt forfriskende og sp\u00e6ndende naturomr\u00e5der, som er perfekte at udforske i efter\u00e5ret:<\/p><ul><li><strong>Sierra de las Nieves Nationalpark: <\/strong>Denne imponerende nationalpark \u2013 et anerkendt UNESCO-biosf\u00e6rereservat \u2013 ligger i bjergk\u00e6den Sierra de las Nieves, nord for Marbella og t\u00e6t p\u00e5 den historiske by Ronda (som i \u00f8vrigt ogs\u00e5 er et bes\u00f8g v\u00e6rd!). Her venter et spektakul\u00e6rt landskab med dramatiske bjergtoppe, dybe dale og t\u00e6t fyrreskov. Omr\u00e5det er ideelt for naturelskere og byder p\u00e5 et v\u00e6ld af muligheder for <a href=\"https:\/\/www.komoot.com\/guide\/516548\/hiking-in-sierra-de-las-nieves\" target=\"_blank\" rel=\"noopener\">hiking<\/a>, trail-l\u00f8b og cykling i natursk\u00f8nne omgivelser.<\/li><li>\u00a0<b style=\"text-align: justify; background-color: transparent;\"><span lang=\"ES\">Caminito del Rey:<\/span><\/b><span lang=\"ES\" style=\"text-align: justify; background-color: transparent;\"> Er du til h\u00f8jder og eventyr, er Caminito del Rey et must. Den verdensber\u00f8mte gangsti, som er f\u00e6stnet til de lodrette klippev\u00e6gge h\u00f8jt over Guadalhorce-floden, byder p\u00e5 en oplevelse, der er lige dele nervepirrende og uforglemmelig. <\/span><span style=\"text-align: justify; background-color: transparent;\">For nogle er det en adrenalinfyldt udfordring \u2013 for andre en af livets st\u00f8rste naturoplevelser. Uanset dit perspektiv, er udsigten og f\u00f8lelsen af at sv\u00e6ve over kl\u00f8ften noget helt s\u00e6rligt.<\/span><\/li><li><strong>Sierra de Mijas Naturpark:<\/strong> Denne smukke kalkstensbjergk\u00e6de rejser sig over den charmerende by Mijas Pueblo og har en betagende udsigt over Mijas Costa og Middelhavet. Omr\u00e5det anses for at v\u00e6re et af de vigtigste gr\u00f8nne b\u00e6lter p\u00e5 Costa del Sol og er rigt p\u00e5 b\u00e5de flora og fauna. Duften af vilde urter som timian, lavendel og fennikel ledsager dig p\u00e5 stierne, og med lidt held kan du f\u00e5 \u00f8je p\u00e5 \u00f8rne og t\u00e5rnfalke, der sv\u00e6ver over tr\u00e6kronerne. For de mere eventyrlystne byder bjergk\u00e6den ogs\u00e5 p\u00e5 Pico de Mijas, den h\u00f8jeste top, som bel\u00f8nner vandrere med panoramisk udsigt over hele kystlinjen. Information om de mest popul\u00e6re vandreruter findes p\u00e5 lokale turistkontorer og online naturguides kan findes <a href=\"https:\/\/andaluciainmypocket.com\/hiking-in-malaga-in-sierra-de-mijas-pico-de-mijas\/\" target=\"_blank\" rel=\"noopener\">her<\/a><\/li><\/ul>\t\t\t\t\t\t\t\t<\/div>\n\t\t\t\t<\/div>\n\t\t\t\t<div class=\"elementor-element elementor-element-0947723 elementor-widget__width-inherit elementor-widget elementor-widget-heading\" data-id=\"0947723\" data-element_type=\"widget\" data-e-type=\"widget\" data-widget_type=\"heading.default\">\n\t\t\t\t<div class=\"elementor-widget-container\">\n\t\t\t\t\t<h2 class=\"elementor-heading-title elementor-size-default\">3. Oplev n\u00e6rliggende attraktioner<\/h2>\t\t\t\t<\/div>\n\t\t\t\t<\/div>\n\t\t\t\t<div class=\"elementor-element elementor-element-08540ad metrisch elementor-widget elementor-widget-text-editor\" data-id=\"08540ad\" data-element_type=\"widget\" data-e-type=\"widget\" data-widget_type=\"text-editor.default\">\n\t\t\t\t<div class=\"elementor-widget-container\">\n\t\t\t\t\t\t\t\t\t<p>Costa del Sol er m\u00e5ske bedst kendt for sine solrige strande, men lige bag kysten venter en helt anden verden af hvide landsbyer, historiske byer og storsl\u00e5ede sev\u00e6rdigheder i hjertet af Andalusien \u2013 oplagte m\u00e5l for en dagsudflugt.<\/p><p>Steder som Ronda, Granada, Gibraltar og endda Tanger i Marokko er velkendte, men overraskende f\u00e5 ved, hvor nemt de kan n\u00e5s herfra. Og netop efter\u00e5ret, hvor temperaturen er mild og behagelig, er det perfekte tidspunkt at tage p\u00e5 opdagelse.<\/p><p>Uanset om du foretr\u00e6kker f\u00e6llesskabet p\u00e5 en prisvenlig gruppetur, komforten i en taxa eller limousine, eller friheden ved at k\u00f8re selv, er det nemt at opleve disse fantastiske destinationer p\u00e5 en dagstur \u2013 og stadig v\u00e6re tilbage p\u00e5 Costa del Sol samme aften.<\/p><p>Forestil dig at udforske Alhambras storsl\u00e5ede historie i Granada, at krydse den ikoniske Puente Nuevo i Ronda, der sp\u00e6nder dramatisk over den dybe kl\u00f8ft, eller at m\u00f8de Gibraltars legesyge berberaber p\u00e5 n\u00e6rt hold. Har du lyst til noget mere eksotisk, kan du tage til Algeciras og hoppe p\u00e5 en f\u00e6rge til Tanger i Marokko \u2013 enten p\u00e5 egen h\u00e5nd eller som del af en guidet tur.<\/p><p>Mere information om hver af disse destinationer kan findes her:<\/p><ul><li><a href=\"https:\/\/www.alhambra-patronato.es\/\" target=\"_blank\" rel=\"noopener\">Alhambra (Granada<\/a>)<\/li><li><a href=\"https:\/\/www.visitgibraltar.gi\/\" target=\"_blank\" rel=\"noopener\">Gibraltar<\/a><\/li><li><a href=\"https:\/\/www.turismoderonda.es\/en\" target=\"_blank\" rel=\"noopener\">Ronda<\/a><\/li><li><a href=\"https:\/\/marbellasuntrips.com\/tours\/tour-from.php?ciudad=Benalmadena&amp;tour=Tanger\" target=\"_blank\" rel=\"noopener\">Tangiers<\/a><\/li><\/ul>\t\t\t\t\t\t\t\t<\/div>\n\t\t\t\t<\/div>\n\t\t\t\t<div class=\"elementor-element elementor-element-b554199 elementor-widget__width-inherit elementor-widget elementor-widget-heading\" data-id=\"b554199\" data-element_type=\"widget\" data-e-type=\"widget\" data-widget_type=\"heading.default\">\n\t\t\t\t<div class=\"elementor-widget-container\">\n\t\t\t\t\t<h2 class=\"elementor-heading-title elementor-size-default\">4. Feria de Fuengirola (6.\u201312. oktober)<\/h2>\t\t\t\t<\/div>\n\t\t\t\t<\/div>\n\t\t\t\t<div class=\"elementor-element elementor-element-15f7ec0 metrisch elementor-widget elementor-widget-text-editor\" data-id=\"15f7ec0\" data-element_type=\"widget\" data-e-type=\"widget\" data-widget_type=\"text-editor.default\">\n\t\t\t\t<div class=\"elementor-widget-container\">\n\t\t\t\t\t\t\t\t\t<p>Sidst, men ikke mindst, er efter\u00e5ret ogs\u00e5 h\u00f8js\u00e6son for lokale byfester \u2013 og hver by og landsby p\u00e5 Costa del Sol fejrer sin skytshelgen med en feria. Blandt de mest kendte er Feria del Rosario i Fuengirola, som regnes for en af de st\u00f8rste og mest traditionsrige i regionen.<\/p><p>Denne farverige fest vokser \u00e5r for \u00e5r og byder p\u00e5 en uforglemmelig blanding af kultur, spiritualitet, andalusiske traditioner \u2013 og masser af fest og gl\u00e6de. Her m\u00f8des folk i flamencokjoler og ridet\u00f8j, danser sevillanas, spiser lokale specialiteter og fejrer livet med h\u00f8j stemning b\u00e5de dag og nat.<\/p><p>Feriaen begynder med man\u00e9r \u2013 og b\u00e5de beboere og bes\u00f8gende ser frem til det spektakul\u00e6re fyrv\u00e6rkeri, der markerer festivalens start. Gaderne fyldes hurtigt med feststemte menneskem\u00e6ngder, som venter sp\u00e6ndt p\u00e5 processionen \u2013 en smuk hyldest til byens skytshelgen, Virgen del Rosario Coronada.<\/p><p>Hele ugen igennem venter et v\u00e6ld af aktiviteter b\u00e5de dag og nat. B\u00f8rn kan more sig i tivoliomr\u00e5det med forlystelser og karruseller, mens voksne kan nyde stemningen i de farverige casetas \u2013 sm\u00e5 huse med barer, livemusik og lokale specialiteter. Om aftenen stiger temperaturen med musik, dans og fest til langt ud p\u00e5 natten.<\/p><p>En af ugens store begivenheder er en elegant opvisning af heste og hestevogne, hvor de smukkeste dyr pr\u00e6mieres. Et mere spirituelt h\u00f8jdepunkt finder sted p\u00e5 Plaza de la Constituci\u00f3n, hvor en flamenco-messe samler b\u00e5de lokalbefolkning og bes\u00f8gende i et bev\u00e6gende ritual. Mange deltager if\u00f8rt traditionelle flamencokjoler, mens himmelsk musik str\u00f8mmer fra det kongelige broderskab i Roc\u00edo og ledsages af en procession med andre lokale broderskaber.<\/p><p>Dette er blot nogle af de mange h\u00f8jdepunkter i en uge fyldt med korsang, dansetrupper, optr\u00e6dener og levende tradition. N\u00e5r feriaen n\u00e6rmer sig, kan det fulde program findes p\u00e5 Fuengirola byr\u00e5ds officielle hjemmeside <a href=\"https:\/\/www.fuengirola.es\/\" target=\"_blank\" rel=\"noopener\">Fuengirola\u2019s Town Council.<\/a><\/p>\t\t\t\t\t\t\t\t<\/div>\n\t\t\t\t<\/div>\n\t\t\t\t<div class=\"elementor-element elementor-element-d1bebb8 elementor-widget-divider--view-line elementor-widget elementor-widget-divider\" data-id=\"d1bebb8\" data-element_type=\"widget\" data-e-type=\"widget\" data-widget_type=\"divider.default\">\n\t\t\t\t<div class=\"elementor-widget-container\">\n\t\t\t\t\t\t\t<div class=\"elementor-divider\">\n\t\t\t<span class=\"elementor-divider-separator\">\n\t\t\t\t\t\t<\/span>\n\t\t<\/div>\n\t\t\t\t\t\t<\/div>\n\t\t\t\t<\/div>\n\t\t\t\t<div class=\"elementor-element elementor-element-ef24e4c elementor-widget__width-inherit elementor-widget elementor-widget-heading\" data-id=\"ef24e4c\" data-element_type=\"widget\" data-e-type=\"widget\" data-widget_type=\"heading.default\">\n\t\t\t\t<div class=\"elementor-widget-container\">\n\t\t\t\t\t<h2 class=\"elementor-heading-title elementor-size-default\">Ofte stillede sp\u00f8rgsm\u00e5l<\/h2>\t\t\t\t<\/div>\n\t\t\t\t<\/div>\n\t\t\t\t<div class=\"elementor-element elementor-element-31b20ed elementor-widget elementor-widget-html\" data-id=\"31b20ed\" data-element_type=\"widget\" data-e-type=\"widget\" data-no-translation=\"\" data-widget_type=\"html.default\">\n\t\t\t\t<div class=\"elementor-widget-container\">\n\t\t\t\t\t<style>.elementor-element-31b20ed{display:none !important}<\/style>\t\t\t\t<\/div>\n\t\t\t\t<\/div>\n\t\t\t\t<div class=\"elementor-element elementor-element-d2282f7 elementor-widget elementor-widget-html\" data-id=\"d2282f7\" data-element_type=\"widget\" data-e-type=\"widget\" data-no-translation=\"\" data-widget_type=\"html.default\">\n\t\t\t\t<div class=\"elementor-widget-container\">\n\t\t\t\t\t<style>.elementor-element-d2282f7{display:none !important}<\/style>\t\t\t\t<\/div>\n\t\t\t\t<\/div>\n\t\t\t\t<div class=\"elementor-element elementor-element-74cdb9d elementor-widget elementor-widget-html\" data-id=\"74cdb9d\" data-element_type=\"widget\" data-e-type=\"widget\" data-no-translation=\"\" data-widget_type=\"html.default\">\n\t\t\t\t<div class=\"elementor-widget-container\">\n\t\t\t\t\t<div class=\"wp-block-rank-math-faq-block\">\n  <div class=\"rank-math-faq-item\">\n    <h3 class=\"rank-math-question\"><strong>How far is the Caminito de Rey from Fuengirola?<\/strong><\/h3>\n    <div class=\"rank-math-answer\">\n      Caminito del Rey is just over 60 km from Fuengirola by road. It is possible to take a guided tour from Fuengirola to Caminito del Rey, which departs from the tourism office close to the train station in the centre of town. Alternatively, you can catch the train from Fuengirola to M\u00e1laga Mar\u00eda Zambrano station, then transfer to El Chorro. The total travel time using public transport is around 3 hours. Once you are there, the hike itself takes about 4 more hours, so it\u2019s recommended to set aside a full day for the experience.\n    <\/div>\n  <\/div>\n\n  <div class=\"rank-math-faq-item\">\n    <h3 class=\"rank-math-question\"><strong>I regularly play golf; are there any decent golf apartments for sale on the Costa del Sol?<\/strong><\/h3>\n    <div class=\"rank-math-answer\">\n      If you play golf regularly and are looking for a golf property on the Costa del Sol, Weber Estates has access to an extensive network of golf properties through our partnerships with local real estate agents. We can help you find the right property \u2013 whether you are looking for an apartment with fairway views, a luxury villa by the course, or something in between. We consider your preferences regarding area, property type, budget, and lifestyle. Feel free to contact us for a no-obligation call to find the perfect property for you.\n    <\/div>\n  <\/div>\n\n  <div class=\"rank-math-faq-item\">\n    <h3 class=\"rank-math-question\"><strong>Are there many Danish people buying property in Fuengirola?<\/strong><\/h3>\n    <div class=\"rank-math-answer\">\n      Yes \u2013 as a Danish buyer, you are in good company. Around 28% of all properties sold in Spain in the past year were purchased by non-resident foreigners, and Danish buyers are a growing part of the market. Fuengirola is home to over 10,000 Northern Europeans and is known for its cosmopolitan environment, many international schools, beautiful beaches, and vibrant local community. This makes the town especially attractive to Danish and Scandinavian buyers seeking comfort, quality, and community under the sun.\n    <\/div>\n  <\/div>\n<\/div>\n\t\t\t\t<\/div>\n\t\t\t\t<\/div>\n\t\t\t\t<div class=\"elementor-element elementor-element-3ede814 elementor-widget elementor-widget-html\" data-id=\"3ede814\" data-element_type=\"widget\" data-e-type=\"widget\" data-no-translation=\"\" data-widget_type=\"html.default\">\n\t\t\t\t<div class=\"elementor-widget-container\">\n\t\t\t\t\t<script type=\"application\/ld+json\">\n{\n  \"@context\": \"https:\/\/schema.org\",\n  \"@type\": \"FAQPage\",\n  \"mainEntity\": [\n    {\n      \"@type\": \"Question\",\n      \"name\": \"How can I find the best villas for sale in Marbella before Christmas?\",\n      \"acceptedAnswer\": {\n        \"@type\": \"Answer\",\n        \"text\": \"<p>Weber Estates is a Danish real estate agency specializing in helping international clients find the ideal <a href=\\\"https:\/\/weberestates.com\/boliger\/\\\">property on the Costa del Sol<\/a>, including Marbella. To find the best <a href=\\\"https:\/\/weberestates.com\/boliger\/?ref=&location%5B%5D=Marbella&property_types%5B%5D=2-2&beds=&min=0&max=90000000\\\">villas for sale in Marbella<\/a> before Christmas, you can visit our website to view current listings. You can also contact us directly to discuss your specific requirements. Reach us at <a href=\\\"tel:+34683391512\\\">+34 683 391 512<\/a> or by email: <a href=\\\"mailto:Birgitte@Weberestates.com\\\">birgitte@weberestates.com<\/a>.<\/p>\"\n      }\n    },\n    {\n      \"@type\": \"Question\",\n      \"name\": \"Are properties in Marbella still the most sought-after on the Costa del Sol?\",\n      \"acceptedAnswer\": {\n        \"@type\": \"Answer\",\n        \"text\": \"<p>Yes, <a href=\\\"https:\/\/weberestates.com\/marbella\/\\\">properties for sale in Marbella<\/a> are considered some of the most desirable on the Costa del Sol in the M\u00e1laga province. Areas such as Nag\u00fceles, El Madro\u00f1al, Sierra Blanca, La Zagaleta, and Benahav\u00eds are synonymous with exclusive luxury properties.<\/p>\"\n      }\n    },\n    {\n      \"@type\": \"Question\",\n      \"name\": \"I\u2019m interested in a property in Marbella: how far is Marbella from M\u00e1laga city center?\",\n      \"acceptedAnswer\": {\n        \"@type\": \"Answer\",\n        \"text\": \"<p>If you are considering buying a holiday property in Marbella city center (or nearby), it takes about an hour to drive the 60 km to M\u00e1laga\u2019s historic center. You can drive yourself, take a taxi, or use public transport connecting Marbella bus station directly to the city center, just a short walk from the main shopping street, Calle Marqu\u00e9s de Larios.<\/p>\"\n      }\n    }\n  ]\n}\n<\/script>\n\t\t\t\t<\/div>\n\t\t\t\t<\/div>\n\t\t\t\t<\/div>\n\t\t<div class=\"elementor-element elementor-element-999fa6a e-con-full e-flex e-con e-child\" data-id=\"999fa6a\" data-element_type=\"container\" data-e-type=\"container\">\n\t\t\t\t<\/div>\n\t\t\t\t\t<\/div>\n\t\t\t\t<\/div>\n\t\t<div class=\"elementor-element elementor-element-874c09a e-flex e-con-boxed e-con e-parent\" data-id=\"874c09a\" data-element_type=\"container\" data-e-type=\"container\">\n\t\t\t\t\t<div class=\"e-con-inner\">\n\t\t\t\t\t<\/div>\n\t\t\t\t<\/div>\n\t\t<div class=\"elementor-element elementor-element-e95733e e-flex e-con-boxed e-con e-parent\" data-id=\"e95733e\" data-element_type=\"container\" data-e-type=\"container\">\n\t\t\t\t\t<div class=\"e-con-inner\">\n\t\t\t\t\t<\/div>\n\t\t\t\t<\/div>\n\t\t\t\t<\/div>\n\t\t","protected":false},"excerpt":{"rendered":"<p>Uanset om du slapper af i din bolig i Marbella, nyder livet i din penthouse med pool i Fuengirola, eller tilbringer sommeren p\u00e5 stranden ved Costa del Sol, er det en livsstil, mange dr\u00f8mmer om \u2013 men kun de f\u00e6rreste f\u00e5r lov at opleve.<\/p>","protected":false},"author":2,"featured_media":2801,"comment_status":"closed","ping_status":"closed","sticky":false,"template":"","format":"standard","meta":{"_acf_changed":false,"content-type":"","footnotes":""},"categories":[27],"tags":[31,33,41],"class_list":["post-2796","post","type-post","status-publish","format-standard","has-post-thumbnail","hentry","category-news","tag-costa-del-sol","tag-fuengirola","tag-sommerfestivaler"],"acf":[],"_links":{"self":[{"href":"https:\/\/weberestates.com\/en\/wp-json\/wp\/v2\/posts\/2796","targetHints":{"allow":["GET"]}}],"collection":[{"href":"https:\/\/weberestates.com\/en\/wp-json\/wp\/v2\/posts"}],"about":[{"href":"https:\/\/weberestates.com\/en\/wp-json\/wp\/v2\/types\/post"}],"author":[{"embeddable":true,"href":"https:\/\/weberestates.com\/en\/wp-json\/wp\/v2\/users\/2"}],"replies":[{"embeddable":true,"href":"https:\/\/weberestates.com\/en\/wp-json\/wp\/v2\/comments?post=2796"}],"version-history":[{"count":18,"href":"https:\/\/weberestates.com\/en\/wp-json\/wp\/v2\/posts\/2796\/revisions"}],"predecessor-version":[{"id":3248,"href":"https:\/\/weberestates.com\/en\/wp-json\/wp\/v2\/posts\/2796\/revisions\/3248"}],"wp:featuredmedia":[{"embeddable":true,"href":"https:\/\/weberestates.com\/en\/wp-json\/wp\/v2\/media\/2801"}],"wp:attachment":[{"href":"https:\/\/weberestates.com\/en\/wp-json\/wp\/v2\/media?parent=2796"}],"wp:term":[{"taxonomy":"category","embeddable":true,"href":"https:\/\/weberestates.com\/en\/wp-json\/wp\/v2\/categories?post=2796"},{"taxonomy":"post_tag","embeddable":true,"href":"https:\/\/weberestates.com\/en\/wp-json\/wp\/v2\/tags?post=2796"}],"curies":[{"name":"wp","href":"https:\/\/api.w.org\/{rel}","templated":true}]}}