{"id":2650,"date":"2025-07-03T09:12:51","date_gmt":"2025-07-03T07:12:51","guid":{"rendered":"https:\/\/weberestates.com\/?p=2650"},"modified":"2025-11-24T12:26:42","modified_gmt":"2025-11-24T11:26:42","slug":"top-summer-festivals-on-the-costa-del-sol-2025","status":"publish","type":"post","link":"https:\/\/weberestates.com\/en\/top-sommerfestivaler-pa-costa-del-sol-2025\/","title":{"rendered":"Top Summer Festivals on the Costa del Sol 2025"},"content":{"rendered":"\t\t<div data-elementor-type=\"wp-post\" data-elementor-id=\"2650\" class=\"elementor elementor-2650\" data-elementor-post-type=\"post\">\n\t\t\t\t<div class=\"elementor-element elementor-element-5b22c68 e-flex e-con-boxed e-con e-parent\" data-id=\"5b22c68\" data-element_type=\"container\" data-e-type=\"container\">\n\t\t\t\t\t<div class=\"e-con-inner\">\n\t\t\t\t<div class=\"elementor-element elementor-element-dcc54d0 elementor-widget elementor-widget-image\" data-id=\"dcc54d0\" data-element_type=\"widget\" data-e-type=\"widget\" data-widget_type=\"image.default\">\n\t\t\t\t<div class=\"elementor-widget-container\">\n\t\t\t\t\t\t\t\t\t\t\t\t\t\t\t<img loading=\"lazy\" decoding=\"async\" width=\"1900\" height=\"1361\" src=\"https:\/\/weberestates.com\/wp-content\/uploads\/2025\/07\/Summer-Festivals-Costa-del-Sol.webp\" class=\"attachment-full size-full wp-image-2655\" alt=\"Top Sommerfestivaler p\u00e5 Costa del Sol - Weber Estates\" srcset=\"https:\/\/weberestates.com\/wp-content\/uploads\/2025\/07\/Summer-Festivals-Costa-del-Sol.webp 1900w, https:\/\/weberestates.com\/wp-content\/uploads\/2025\/07\/Summer-Festivals-Costa-del-Sol-300x215.webp 300w, https:\/\/weberestates.com\/wp-content\/uploads\/2025\/07\/Summer-Festivals-Costa-del-Sol-1024x734.webp 1024w, https:\/\/weberestates.com\/wp-content\/uploads\/2025\/07\/Summer-Festivals-Costa-del-Sol-768x550.webp 768w, https:\/\/weberestates.com\/wp-content\/uploads\/2025\/07\/Summer-Festivals-Costa-del-Sol-1536x1100.webp 1536w, https:\/\/weberestates.com\/wp-content\/uploads\/2025\/07\/Summer-Festivals-Costa-del-Sol-18x12.webp 18w\" sizes=\"auto, (max-width: 1900px) 100vw, 1900px\" \/>\t\t\t\t\t\t\t\t\t\t\t\t\t\t\t<\/div>\n\t\t\t\t<\/div>\n\t\t\t\t\t<\/div>\n\t\t\t\t<\/div>\n\t\t<div class=\"elementor-element elementor-element-9d38fe8 e-flex e-con-boxed e-con e-parent\" data-id=\"9d38fe8\" data-element_type=\"container\" data-e-type=\"container\">\n\t\t\t\t\t<div class=\"e-con-inner\">\n\t\t<div class=\"elementor-element elementor-element-0acf515 e-con-full e-flex e-con e-child\" data-id=\"0acf515\" data-element_type=\"container\" data-e-type=\"container\">\n\t\t\t\t<\/div>\n\t\t<div class=\"elementor-element elementor-element-2f0158e e-con-full e-flex e-con e-child\" data-id=\"2f0158e\" data-element_type=\"container\" data-e-type=\"container\">\n\t\t\t\t<div class=\"elementor-element elementor-element-d601b77 elementor-widget__width-inherit elementor-widget elementor-widget-heading\" data-id=\"d601b77\" data-element_type=\"widget\" data-e-type=\"widget\" data-widget_type=\"heading.default\">\n\t\t\t\t<div class=\"elementor-widget-container\">\n\t\t\t\t\t<span class=\"elementor-heading-title elementor-size-default\">WEBER ESTATES<\/span>\t\t\t\t<\/div>\n\t\t\t\t<\/div>\n\t\t\t\t<div class=\"elementor-element elementor-element-1ef5051 elementor-widget__width-inherit elementor-widget elementor-widget-heading\" data-id=\"1ef5051\" data-element_type=\"widget\" data-e-type=\"widget\" data-widget_type=\"heading.default\">\n\t\t\t\t<div class=\"elementor-widget-container\">\n\t\t\t\t\t<h1 class=\"elementor-heading-title elementor-size-default\">Top Sommerfestivaler p\u00e5 Costa del Sol 2025<\/h1>\t\t\t\t<\/div>\n\t\t\t\t<\/div>\n\t\t\t\t<div class=\"elementor-element elementor-element-09bda42 elementor-widget-divider--view-line elementor-widget elementor-widget-divider\" data-id=\"09bda42\" data-element_type=\"widget\" data-e-type=\"widget\" data-widget_type=\"divider.default\">\n\t\t\t\t<div class=\"elementor-widget-container\">\n\t\t\t\t\t\t\t<div class=\"elementor-divider\">\n\t\t\t<span class=\"elementor-divider-separator\">\n\t\t\t\t\t\t<\/span>\n\t\t<\/div>\n\t\t\t\t\t\t<\/div>\n\t\t\t\t<\/div>\n\t\t\t\t<div class=\"elementor-element elementor-element-7256567 metrisch elementor-widget elementor-widget-text-editor\" data-id=\"7256567\" data-element_type=\"widget\" data-e-type=\"widget\" data-widget_type=\"text-editor.default\">\n\t\t\t\t<div class=\"elementor-widget-container\">\n\t\t\t\t\t\t\t\t\t<p>Hvis du er s\u00e5 heldig at eje en bolig p\u00e5 Costa del Sol, eller hvis du ofte bes\u00f8ger kysten i det sydlige Spanien, kan du gl\u00e6de dig til en fantastisk sommer! Denne sommer byder p\u00e5 en r\u00e6kke festivaler fra Malaga til Marbella, med musik, mode, mad og meget mere.<\/p><p>Der er for mange til at n\u00e6vne dem alle, s\u00e5 vi har sammensat en liste over vores yndlingsfestivaler, s\u00e5 du kan v\u00e6re sikker p\u00e5, at du ikke g\u00e5r glip af noget denne sommer. Uanset om du bor i Fuengirola, Mijas, Benalm\u00e1dena eller Benahav\u00eds.<\/p>\t\t\t\t\t\t\t\t<\/div>\n\t\t\t\t<\/div>\n\t\t\t\t<div class=\"elementor-element elementor-element-4727cef elementor-widget__width-inherit elementor-widget elementor-widget-heading\" data-id=\"4727cef\" data-element_type=\"widget\" data-e-type=\"widget\" data-widget_type=\"heading.default\">\n\t\t\t\t<div class=\"elementor-widget-container\">\n\t\t\t\t\t<h2 class=\"elementor-heading-title elementor-size-default\">1.\tStarlite Occidental Festival, Marbella<\/h2>\t\t\t\t<\/div>\n\t\t\t\t<\/div>\n\t\t\t\t<div class=\"elementor-element elementor-element-69dc4f9 metrisch elementor-widget elementor-widget-text-editor\" data-id=\"69dc4f9\" data-element_type=\"widget\" data-e-type=\"widget\" data-widget_type=\"text-editor.default\">\n\t\t\t\t<div class=\"elementor-widget-container\">\n\t\t\t\t\t\t\t\t\t<p>Lad os starte med den st\u00f8rste og mest kendte boutiquefestival i Europa \u2013 Starlite Festival. Denne tre m\u00e5neder lange ekstravaganza blev lanceret i 2012, og siden da er den blevet st\u00f8rre og bedre hvert \u00e5r.<\/p><p>P\u00e5 Starlite Festival, optr\u00e6der globale stjerner (tidligere og nuv\u00e6rende) hver aften foran den dramatiske baggrund af Nag\u00fceles-stenbruddet og Sierra Blanca-bjergene. I \u00e5r optr\u00e6der ikoner som Will Smith, The Beach Boys, The Pet Shop Boys og Santana, sammen med kendte spanske kunstnere. For den fulde liste, bes\u00f8g deres <a href=\"https:\/\/starlitefestival.com\/en\/home\/\" target=\"_blank\" rel=\"noopener\">website<\/a>. Udover det, er der fester med DJs, restauranter, champagnebarer og VIP-omr\u00e5de. Det er ikke underligt, at denne festival forts\u00e6tter med at tiltr\u00e6kke et bredt publikum af musikelskere, herunder internationale ber\u00f8mtheder og jetsettet, der tilbringer sommeren i Marbella.<\/p><p>Hvis du planl\u00e6gger at bes\u00f8ge Costa del Sol for en solskinsferie eller for at se boliger til salg i Marbella, s\u00e5 s\u00f8rg for at f\u00e5 din billet i god tid.<\/p><p>Datoer: 13. juni\u201329. august 2025<\/p><p>Sted: Cantera de Nag\u00fceles, Marbella<\/p><p>Billetter kan k\u00f8bes p\u00e5 hjemmesiden <a href=\"http:\/\/starlitefestival.com\/\" target=\"_blank\" rel=\"noopener\">starlitefestival.com<\/a> eller via <a href=\"https:\/\/www.ticketmaster.es\/artist\/festival-starlite-occident-tickets\/979851?language=en-us\" target=\"_blank\" rel=\"noopener\">Ticketmaster Spain<\/a>.<\/p>\t\t\t\t\t\t\t\t<\/div>\n\t\t\t\t<\/div>\n\t\t\t\t<div class=\"elementor-element elementor-element-b6bf3cd elementor-widget__width-inherit elementor-widget elementor-widget-heading\" data-id=\"b6bf3cd\" data-element_type=\"widget\" data-e-type=\"widget\" data-widget_type=\"heading.default\">\n\t\t\t\t<div class=\"elementor-widget-container\">\n\t\t\t\t\t<h2 class=\"elementor-heading-title elementor-size-default\">2.\tBrisa Festival, Malaga<\/h2>\t\t\t\t<\/div>\n\t\t\t\t<\/div>\n\t\t\t\t<div class=\"elementor-element elementor-element-1aef41f metrisch elementor-widget elementor-widget-text-editor\" data-id=\"1aef41f\" data-element_type=\"widget\" data-e-type=\"widget\" data-widget_type=\"text-editor.default\">\n\t\t\t\t<div class=\"elementor-widget-container\">\n\t\t\t\t\t\t\t\t\t<p>Brisa Festival er uden tvivl en af \u200b\u200bde mest popul\u00e6rer og st\u00f8rste festivaler i det centrale M\u00e1lagas sommerkalender. Festivalen finder sted ved vandet, kun 2 km fra bymidten i krydstogtterminalomr\u00e5det i M\u00e1laga havn. Bare et uovertruffent sted. Der er to store scener, et gr\u00e6somr\u00e5de, en chill out-zone og et madomr\u00e5de, hvor du kan nyde en fantastisk atmosf\u00e6re og musik fra popul\u00e6re spanske og internationale musikere og bands. I \u00e5r inkluderer det tre dage lange program Dani Fern\u00e1ndez (tidligere boybandstjerne), Duncan Dhu, Long Live Sweden og mange flere. Der vil ogs\u00e5 v\u00e6re en r\u00e6kke minifestivaler i forskellige kvarterer \u2013 Brisa en Tu Barrio \u2013 du kan finde mere information p\u00e5 hjemmesiden <a href=\"https:\/\/www.brisafestival.com\/brisa-en-tu-barrio-2025\/\" target=\"_blank\" rel=\"noopener\">her<\/a>.<\/p><p>Datoer: 24., 25. og 26. juli<br \/>Sted: Hovedfestivalen afholdes i M\u00e1laga Havn.<br \/>Billetter kan k\u00f8bes p\u00e5 hjemmesiden: <a href=\"http:\/\/www.brisafestival.com\" target=\"_blank\" rel=\"noopener\">www.brisafestival.com<\/a><\/p>\t\t\t\t\t\t\t\t<\/div>\n\t\t\t\t<\/div>\n\t\t\t\t<div class=\"elementor-element elementor-element-0947723 elementor-widget__width-inherit elementor-widget elementor-widget-heading\" data-id=\"0947723\" data-element_type=\"widget\" data-e-type=\"widget\" data-widget_type=\"heading.default\">\n\t\t\t\t<div class=\"elementor-widget-container\">\n\t\t\t\t\t<h2 class=\"elementor-heading-title elementor-size-default\">3.\tMarenostrum, Fuengirola<\/h2>\t\t\t\t<\/div>\n\t\t\t\t<\/div>\n\t\t\t\t<div class=\"elementor-element elementor-element-08540ad metrisch elementor-widget elementor-widget-text-editor\" data-id=\"08540ad\" data-element_type=\"widget\" data-e-type=\"widget\" data-widget_type=\"text-editor.default\">\n\t\t\t\t<div class=\"elementor-widget-container\">\n\t\t\t\t\t\t\t\t\t<p>Marenostrum har v\u00e6ret en af \u200b\u200bsommerens mest popul\u00e6re begivenheder p\u00e5 Costa del Sol, siden starten i 2016. Festivalen tiltr\u00e6kker et imponerende og mangfoldigt udvalg af stjerner, herunder internationale navne som Jennifer Lopez, Lionel Richie, Ricky Martin, Bob Dylan, The Prodigy, Carl Cox og mange flere. Dertil kommer et af de mest maleriske steder, ved siden af \u200b\u200bet af Fuengirolas ber\u00f8mte ikoner, Sohail Castle, og med udsigt over Middelhavet. Denne festival har opn\u00e5et den h\u00f8jeste tilskuerprocent i hele Spanien i de sidste tre \u00e5r i tr\u00e6k.<\/p><p>Festivalen har et udvalg af forskellige restauranter, barer og cocktaillounges og en barservice via food trucks. Der er ogs\u00e5 20 VIP-bokse til dem, der \u00f8nsker en ekstra speciel oplevelse. For mere information, program og billetter, bes\u00f8g hjemmesiden: <a href=\"https:\/\/marenostrumfuengirola.com\" target=\"_blank\" rel=\"noopener\">https:\/\/marenostrumfuengirola.com<\/a>.<\/p><p>Datoer: maj til september 2025<\/p><p>M\u00f8dested: Las Lagunas de Mijas, 29651, Fuengirola.<\/p>\t\t\t\t\t\t\t\t<\/div>\n\t\t\t\t<\/div>\n\t\t\t\t<div class=\"elementor-element elementor-element-b554199 elementor-widget__width-inherit elementor-widget elementor-widget-heading\" data-id=\"b554199\" data-element_type=\"widget\" data-e-type=\"widget\" data-widget_type=\"heading.default\">\n\t\t\t\t<div class=\"elementor-widget-container\">\n\t\t\t\t\t<h2 class=\"elementor-heading-title elementor-size-default\">4.\tWeekend Beach Festival<\/h2>\t\t\t\t<\/div>\n\t\t\t\t<\/div>\n\t\t\t\t<div class=\"elementor-element elementor-element-15f7ec0 metrisch elementor-widget elementor-widget-text-editor\" data-id=\"15f7ec0\" data-element_type=\"widget\" data-e-type=\"widget\" data-widget_type=\"text-editor.default\">\n\t\t\t\t<div class=\"elementor-widget-container\">\n\t\t\t\t\t\t\t\t\t<p>Hvis du kun skal til \u00e9n festival i 2025, b\u00f8r du overveje at deltage i Weekend Beach Festival, som i \u00e5r fejrer sit 10-\u00e5rs jubil\u00e6um. \u00c5rets program inkluderer Kaiser Chiefs, Adrian Mills, Abdon, Agents of Time og spanske favoritter som Huecco, Jose delasheras og mange flere. Du kan finde alle oplysninger om alle navne, siddepladser, beliggenhed, billetsalg, hvor man kan spise, hvor man kan sove og meget mere p\u00e5 hjemmesiden <a href=\"http:\/\/www.weekendbeach.es\" target=\"_blank\" rel=\"noopener\">www.weekendbeach.es<\/a>.<\/p><p>Dato: 10, 11 og 12 juli<br \/>Beliggenhed: Playa de Poniente, Torre del Mar, V\u00e9lez &#8211; M\u00e1laga (30 km fra M\u00e1laga)<\/p>\t\t\t\t\t\t\t\t<\/div>\n\t\t\t\t<\/div>\n\t\t\t\t<div class=\"elementor-element elementor-element-8e3f70e metrisch elementor-widget elementor-widget-text-editor\" data-id=\"8e3f70e\" data-element_type=\"widget\" data-e-type=\"widget\" data-widget_type=\"text-editor.default\">\n\t\t\t\t<div class=\"elementor-widget-container\">\n\t\t\t\t\t\t\t\t\t<p>Hvis du \u00f8nsker mere information om <a href=\"https:\/\/weberestates.com\/boliger\/\">boliger til salg p\u00e5 Costa del Sol<\/a>, livsstil eller events, kan du kontakte Birgitte p\u00e5 <a href=\"mailto:birgitte@weberestates.com\">birgitte@weberestates.com<\/a> eller ringe p\u00e5 <a href=\"tel:+34683391512\">+34 683 391 512<\/a>.<\/p>\t\t\t\t\t\t\t\t<\/div>\n\t\t\t\t<\/div>\n\t\t\t\t<div class=\"elementor-element elementor-element-d1bebb8 elementor-widget-divider--view-line elementor-widget elementor-widget-divider\" data-id=\"d1bebb8\" data-element_type=\"widget\" data-e-type=\"widget\" data-widget_type=\"divider.default\">\n\t\t\t\t<div class=\"elementor-widget-container\">\n\t\t\t\t\t\t\t<div class=\"elementor-divider\">\n\t\t\t<span class=\"elementor-divider-separator\">\n\t\t\t\t\t\t<\/span>\n\t\t<\/div>\n\t\t\t\t\t\t<\/div>\n\t\t\t\t<\/div>\n\t\t\t\t<div class=\"elementor-element elementor-element-ef24e4c elementor-widget__width-inherit elementor-widget elementor-widget-heading\" data-id=\"ef24e4c\" data-element_type=\"widget\" data-e-type=\"widget\" data-widget_type=\"heading.default\">\n\t\t\t\t<div class=\"elementor-widget-container\">\n\t\t\t\t\t<h2 class=\"elementor-heading-title elementor-size-default\">Ofte stillede sp\u00f8rgsm\u00e5l<\/h2>\t\t\t\t<\/div>\n\t\t\t\t<\/div>\n\t\t\t\t<div class=\"elementor-element elementor-element-31b20ed elementor-widget elementor-widget-html\" data-id=\"31b20ed\" data-element_type=\"widget\" data-e-type=\"widget\" data-no-translation=\"\" data-widget_type=\"html.default\">\n\t\t\t\t<div class=\"elementor-widget-container\">\n\t\t\t\t\t<style>.elementor-element-31b20ed{display:none !important}<\/style>\t\t\t\t<\/div>\n\t\t\t\t<\/div>\n\t\t\t\t<div class=\"elementor-element elementor-element-701c620 elementor-widget elementor-widget-html\" data-id=\"701c620\" data-element_type=\"widget\" data-e-type=\"widget\" data-no-translation=\"\" data-widget_type=\"html.default\">\n\t\t\t\t<div class=\"elementor-widget-container\">\n\t\t\t\t\t<style>.elementor-element-701c620{display:none !important}<\/style>\t\t\t\t<\/div>\n\t\t\t\t<\/div>\n\t\t\t\t<div class=\"elementor-element elementor-element-9024caf elementor-widget elementor-widget-html\" data-id=\"9024caf\" data-element_type=\"widget\" data-e-type=\"widget\" data-no-translation=\"\" data-widget_type=\"html.default\">\n\t\t\t\t<div class=\"elementor-widget-container\">\n\t\t\t\t\t<div class=\"wp-block-rank-math-faq-block\">\n  <div class=\"rank-math-faq-item\">\n    <h3 class=\"rank-math-question\"><strong>What is the Starlite Festival?<\/strong><\/h3>\n    <div class=\"rank-math-answer\">\n      The Starlite Festival, is Europe\u2019s largest boutique festival held annually in a natural amphitheatre in Nagueles, one of the most popular areas for luxury real estate in Marbella, above Marbella\u2019s  Golden Mile. It is a three-month event that attracts international and Spanish musicians and bands, DJs it is popular with celebrities and  VIPs.\n    <\/div>\n  <\/div>\n\n  <div class=\"rank-math-faq-item\">\n    <h3 class=\"rank-math-question\"><strong>How can I purchase tickets for the Starlite Festival in Marbella?<\/strong><\/h3>\n    <div class=\"rank-math-answer\">\n      If you own Marbella real estate or you plan on visiting Marbella during the summer and you want to purchase tickets for the Starlite Festival, you can find all of the details about the line-ups, dates, services and VIP packages on the website www.starlitefestival.com\n    <\/div>\n  <\/div>\n\n  <div class=\"rank-math-faq-item\">\n    <h3 class=\"rank-math-question\"><strong>Er Weekend Beach Festival familievenlig?<\/strong><\/h3>\n    <div class=\"rank-math-answer\">\n      The festival is open to all age groups (details about age restrictions and entry prices can be found on the website) and it is in a lovely area. However, it would be a good idea to check the type of acts playing on the date you wish to visit and to consider whether they are suitable for children. Also, it may not be advisable for children to attend the late-night performances.   www.weekendbeach.es.\n    <\/div>\n  <\/div>\n<\/div>\n\t\t\t\t<\/div>\n\t\t\t\t<\/div>\n\t\t\t\t<div class=\"elementor-element elementor-element-4102622 elementor-widget elementor-widget-html\" data-id=\"4102622\" data-element_type=\"widget\" data-e-type=\"widget\" data-no-translation=\"\" data-widget_type=\"html.default\">\n\t\t\t\t<div class=\"elementor-widget-container\">\n\t\t\t\t\t<script type=\"application\/ld+json\">\n{\n  \"@context\": \"https:\/\/schema.org\",\n  \"@type\": \"FAQPage\",\n  \"mainEntity\": [\n    {\n      \"@type\": \"Question\",\n      \"name\": \"What is the Starlite Festival?\",\n      \"acceptedAnswer\": {\n        \"@type\": \"Answer\",\n        \"text\": \"The Starlite Festival, is Europe\u2019s largest boutique festival held annually in a natural amphitheatre in Nagueles, one of the most popular areas for luxury real estate in Marbella, above Marbella\u2019s  Golden Mile. It is a three-month event that attracts international and Spanish musicians and bands, DJs it is popular with celebrities and  VIPs.\"\n      }\n    },\n    {\n      \"@type\": \"Question\",\n      \"name\": \"How can I purchase tickets for the Starlite Festival in Marbella?\",\n      \"acceptedAnswer\": {\n        \"@type\": \"Answer\",\n        \"text\": \"If you own Marbella real estate or you plan on visiting Marbella during the summer and you want to purchase tickets for the Starlite Festival, you can find all of the details about the line-ups, dates, services and VIP packages on the website www.starlitefestival.com \"\n      }\n    },\n    {\n      \"@type\": \"Question\",\n      \"name\": \"Er Weekend Beach Festival familievenlig?\",\n      \"acceptedAnswer\": {\n        \"@type\": \"Answer\",\n        \"text\": \"The festival is open to all age groups (details about age restrictions and entry prices can be found on the website) and it is in a lovely area. However, it would be a good idea to check the type of acts playing on the date you wish to visit and to consider whether they are suitable for children. Also, it may not be advisable for children to attend the late-night performances.   www.weekendbeach.es. \"\n      }\n    }\n  ]\n}\n<\/script>\n\t\t\t\t<\/div>\n\t\t\t\t<\/div>\n\t\t\t\t<\/div>\n\t\t<div class=\"elementor-element elementor-element-999fa6a e-con-full e-flex e-con e-child\" data-id=\"999fa6a\" data-element_type=\"container\" data-e-type=\"container\">\n\t\t\t\t<\/div>\n\t\t\t\t\t<\/div>\n\t\t\t\t<\/div>\n\t\t<div class=\"elementor-element elementor-element-874c09a e-flex e-con-boxed e-con e-parent\" data-id=\"874c09a\" data-element_type=\"container\" data-e-type=\"container\">\n\t\t\t\t\t<div class=\"e-con-inner\">\n\t\t\t\t\t<\/div>\n\t\t\t\t<\/div>\n\t\t<div class=\"elementor-element elementor-element-e95733e e-flex e-con-boxed e-con e-parent\" data-id=\"e95733e\" data-element_type=\"container\" data-e-type=\"container\">\n\t\t\t\t\t<div class=\"e-con-inner\">\n\t\t\t\t\t<\/div>\n\t\t\t\t<\/div>\n\t\t\t\t<\/div>\n\t\t","protected":false},"excerpt":{"rendered":"<p>Som udl\u00e6nding (eller uanset hvor i verden du befinder dig), er det vigtigt at have det fulde overblik \u2013 ikke kun over boligmarkedet og priserne \u2013 men ogs\u00e5 over nye regler, der kan p\u00e5virke k\u00f8bsprocessen, det potentielle afkast og dine skattem\u00e6ssige forpligtelser.<\/p>","protected":false},"author":2,"featured_media":2655,"comment_status":"closed","ping_status":"closed","sticky":false,"template":"","format":"standard","meta":{"_acf_changed":false,"content-type":"","footnotes":""},"categories":[27],"tags":[31,33,41],"class_list":["post-2650","post","type-post","status-publish","format-standard","has-post-thumbnail","hentry","category-news","tag-costa-del-sol","tag-fuengirola","tag-sommerfestivaler"],"acf":[],"_links":{"self":[{"href":"https:\/\/weberestates.com\/en\/wp-json\/wp\/v2\/posts\/2650","targetHints":{"allow":["GET"]}}],"collection":[{"href":"https:\/\/weberestates.com\/en\/wp-json\/wp\/v2\/posts"}],"about":[{"href":"https:\/\/weberestates.com\/en\/wp-json\/wp\/v2\/types\/post"}],"author":[{"embeddable":true,"href":"https:\/\/weberestates.com\/en\/wp-json\/wp\/v2\/users\/2"}],"replies":[{"embeddable":true,"href":"https:\/\/weberestates.com\/en\/wp-json\/wp\/v2\/comments?post=2650"}],"version-history":[{"count":29,"href":"https:\/\/weberestates.com\/en\/wp-json\/wp\/v2\/posts\/2650\/revisions"}],"predecessor-version":[{"id":3027,"href":"https:\/\/weberestates.com\/en\/wp-json\/wp\/v2\/posts\/2650\/revisions\/3027"}],"wp:featuredmedia":[{"embeddable":true,"href":"https:\/\/weberestates.com\/en\/wp-json\/wp\/v2\/media\/2655"}],"wp:attachment":[{"href":"https:\/\/weberestates.com\/en\/wp-json\/wp\/v2\/media?parent=2650"}],"wp:term":[{"taxonomy":"category","embeddable":true,"href":"https:\/\/weberestates.com\/en\/wp-json\/wp\/v2\/categories?post=2650"},{"taxonomy":"post_tag","embeddable":true,"href":"https:\/\/weberestates.com\/en\/wp-json\/wp\/v2\/tags?post=2650"}],"curies":[{"name":"wp","href":"https:\/\/api.w.org\/{rel}","templated":true}]}}