{"id":2057,"date":"2024-11-15T12:21:41","date_gmt":"2024-11-15T11:21:41","guid":{"rendered":"https:\/\/weberestates.com\/?p=2057"},"modified":"2025-11-19T12:59:08","modified_gmt":"2025-11-19T11:59:08","slug":"christmas-in-malaga-2024","status":"publish","type":"post","link":"https:\/\/weberestates.com\/en\/jul-i-malaga-2024\/","title":{"rendered":"Christmas in M\u00e1laga 2024"},"content":{"rendered":"\t\t<div data-elementor-type=\"wp-post\" data-elementor-id=\"2057\" class=\"elementor elementor-2057\" data-elementor-post-type=\"post\">\n\t\t\t\t<div class=\"elementor-element elementor-element-ed1ee0a e-flex e-con-boxed e-con e-parent\" data-id=\"ed1ee0a\" data-element_type=\"container\" data-e-type=\"container\">\n\t\t\t\t\t<div class=\"e-con-inner\">\n\t\t\t\t<div class=\"elementor-element elementor-element-2eff18f elementor-widget elementor-widget-image\" data-id=\"2eff18f\" data-element_type=\"widget\" data-e-type=\"widget\" data-widget_type=\"image.default\">\n\t\t\t\t<div class=\"elementor-widget-container\">\n\t\t\t\t\t\t\t\t\t\t\t\t\t\t\t<img loading=\"lazy\" decoding=\"async\" width=\"2000\" height=\"1333\" src=\"https:\/\/weberestates.com\/wp-content\/uploads\/2024\/11\/shutterstock_2247551547.webp\" class=\"attachment-full size-full wp-image-2059\" alt=\"Jul i M\u00e1laga 2024 - Weber Estates\" srcset=\"https:\/\/weberestates.com\/wp-content\/uploads\/2024\/11\/shutterstock_2247551547.webp 2000w, https:\/\/weberestates.com\/wp-content\/uploads\/2024\/11\/shutterstock_2247551547-300x200.webp 300w, https:\/\/weberestates.com\/wp-content\/uploads\/2024\/11\/shutterstock_2247551547-1024x682.webp 1024w, https:\/\/weberestates.com\/wp-content\/uploads\/2024\/11\/shutterstock_2247551547-768x512.webp 768w, https:\/\/weberestates.com\/wp-content\/uploads\/2024\/11\/shutterstock_2247551547-1536x1024.webp 1536w, https:\/\/weberestates.com\/wp-content\/uploads\/2024\/11\/shutterstock_2247551547-18x12.webp 18w\" sizes=\"auto, (max-width: 2000px) 100vw, 2000px\" \/>\t\t\t\t\t\t\t\t\t\t\t\t\t\t\t<\/div>\n\t\t\t\t<\/div>\n\t\t\t\t\t<\/div>\n\t\t\t\t<\/div>\n\t\t<div class=\"elementor-element elementor-element-9d38fe8 e-flex e-con-boxed e-con e-parent\" data-id=\"9d38fe8\" data-element_type=\"container\" data-e-type=\"container\">\n\t\t\t\t\t<div class=\"e-con-inner\">\n\t\t<div class=\"elementor-element elementor-element-0acf515 e-con-full e-flex e-con e-child\" data-id=\"0acf515\" data-element_type=\"container\" data-e-type=\"container\">\n\t\t\t\t<\/div>\n\t\t<div class=\"elementor-element elementor-element-2f0158e e-con-full e-flex e-con e-child\" data-id=\"2f0158e\" data-element_type=\"container\" data-e-type=\"container\">\n\t\t\t\t<div class=\"elementor-element elementor-element-d601b77 elementor-widget__width-inherit elementor-widget elementor-widget-heading\" data-id=\"d601b77\" data-element_type=\"widget\" data-e-type=\"widget\" data-widget_type=\"heading.default\">\n\t\t\t\t<div class=\"elementor-widget-container\">\n\t\t\t\t\t<span class=\"elementor-heading-title elementor-size-default\">WEBER ESTATES<\/span>\t\t\t\t<\/div>\n\t\t\t\t<\/div>\n\t\t\t\t<div class=\"elementor-element elementor-element-1ef5051 elementor-widget__width-inherit elementor-widget elementor-widget-heading\" data-id=\"1ef5051\" data-element_type=\"widget\" data-e-type=\"widget\" data-widget_type=\"heading.default\">\n\t\t\t\t<div class=\"elementor-widget-container\">\n\t\t\t\t\t<h1 class=\"elementor-heading-title elementor-size-default\">Jul i M\u00e1laga 2024<\/h1>\t\t\t\t<\/div>\n\t\t\t\t<\/div>\n\t\t\t\t<div class=\"elementor-element elementor-element-09bda42 elementor-widget-divider--view-line elementor-widget elementor-widget-divider\" data-id=\"09bda42\" data-element_type=\"widget\" data-e-type=\"widget\" data-widget_type=\"divider.default\">\n\t\t\t\t<div class=\"elementor-widget-container\">\n\t\t\t\t\t\t\t<div class=\"elementor-divider\">\n\t\t\t<span class=\"elementor-divider-separator\">\n\t\t\t\t\t\t<\/span>\n\t\t<\/div>\n\t\t\t\t\t\t<\/div>\n\t\t\t\t<\/div>\n\t\t\t\t<div class=\"elementor-element elementor-element-7256567 metrisch elementor-widget elementor-widget-text-editor\" data-id=\"7256567\" data-element_type=\"widget\" data-e-type=\"widget\" data-widget_type=\"text-editor.default\">\n\t\t\t\t<div class=\"elementor-widget-container\">\n\t\t\t\t\t\t\t\t\t<p>Overvintring i det sydlige Spanien er et popul\u00e6rt valg for mange, der kommer fra koldere klimaer og ejer en <a href=\"https:\/\/weberestates.com\/boliger\/\">feriebolig p\u00e5 Costa del Sol<\/a>, da det giver en mere varme og solskin. Men hvis du endnu ikke har oplevet julen p\u00e5 kysten og planl\u00e6gger at g\u00f8re det i \u00e5r, s\u00e5 l\u00e6s med her.<\/p><p>Hver by og landsby har sine egne julelys, og mange steder er de allerede klar til at blive t\u00e6ndt. Det er dog M\u00e1laga, der er kendt for at forvandle sig til et magisk sted i juletiden, hvor festlighederne begynder i slutningen af november og forts\u00e6tter frem til Helligtrekongersdag i januar.<\/p><p>For at give dig en id\u00e9 om, hvad du kan forvente i M\u00e1laga, og for at hj\u00e6lpe dig med at planl\u00e6gge din rejse, er der her info om julefejringen i M\u00e1laga i \u00e5r. Der vil v\u00e6re lys, musik, markeder og meget mere (Nogle af tidspunkterne og datoerne er endnu ikke bekr\u00e6ftet).<\/p>\t\t\t\t\t\t\t\t<\/div>\n\t\t\t\t<\/div>\n\t\t\t\t<div class=\"elementor-element elementor-element-4727cef elementor-widget__width-inherit elementor-widget elementor-widget-heading\" data-id=\"4727cef\" data-element_type=\"widget\" data-e-type=\"widget\" data-widget_type=\"heading.default\">\n\t\t\t\t<div class=\"elementor-widget-container\">\n\t\t\t\t\t<h2 class=\"elementor-heading-title elementor-size-default\">M\u00e1laga julelys<\/h2>\t\t\t\t<\/div>\n\t\t\t\t<\/div>\n\t\t\t\t<div class=\"elementor-element elementor-element-69dc4f9 metrisch elementor-widget elementor-widget-text-editor\" data-id=\"69dc4f9\" data-element_type=\"widget\" data-e-type=\"widget\" data-widget_type=\"text-editor.default\">\n\t\t\t\t<div class=\"elementor-widget-container\">\n\t\t\t\t\t\t\t\t\t<p>Calle Marqu\u00e9s de Larios er M\u00e1lagas st\u00f8rste shoppinggade, og hvert \u00e5r bliver den det ventede centrum for julefejringen, smukt pyntet med julelys. P\u00e5 Calle Nueva, som er den st\u00f8rste shoppinggade f\u00f8r Larios, vil der desuden v\u00e6re en &#8216;fortryllet hule&#8217;. Samlet set vil omkring 80 gader og pladser blive prydet med dekorationer og lys, herunder fem imponerende juletr\u00e6er.<\/p><p>For hvert \u00e5r bliver sk\u00e6rmene mere og mere imponererende og anses for at v\u00e6re blandt de mest spektakul\u00e6re i Europa. Sidste \u00e5r var gaden prydet med store, glitrende engle, der imponerede alle bes\u00f8gende, og det ser ud til, at englene vender tilbage i \u00e5r p\u00e5 grund af den store eftersp\u00f8rgsel. I \u00e5r ansl\u00e5s dekorationerne at omfatte over 2 millioner LED-lys.<\/p>\t\t\t\t\t\t\t\t<\/div>\n\t\t\t\t<\/div>\n\t\t\t\t<div class=\"elementor-element elementor-element-b6bf3cd elementor-widget__width-inherit elementor-widget elementor-widget-heading\" data-id=\"b6bf3cd\" data-element_type=\"widget\" data-e-type=\"widget\" data-widget_type=\"heading.default\">\n\t\t\t\t<div class=\"elementor-widget-container\">\n\t\t\t\t\t<h2 class=\"elementor-heading-title elementor-size-default\">29. november officiel t\u00e6nding<\/h2>\t\t\t\t<\/div>\n\t\t\t\t<\/div>\n\t\t\t\t<div class=\"elementor-element elementor-element-1aef41f metrisch elementor-widget elementor-widget-text-editor\" data-id=\"1aef41f\" data-element_type=\"widget\" data-e-type=\"widget\" data-widget_type=\"text-editor.default\">\n\t\t\t\t<div class=\"elementor-widget-container\">\n\t\t\t\t\t\t\t\t\t<p>I \u00e5r (2024) t\u00e6ndes M\u00e1lagas julelys officielt fredag \u200b\u200bden 29. november 2024 p\u00e5 Plaza de la Constitution og vil forblive t\u00e6ndt indtil midnat s\u00f8ndag til onsdag, og resten af \u200b\u200bugen vil de forblive t\u00e6ndt i yderligere to timer.<\/p><p>Derudover vil der v\u00e6re daglige lys- og lydshows kl. 18.30, 20.00 og 22.00 frem til januar (undtagen juleaften, nyt\u00e5rsaften og Helligtrekongersdag), herunder julesangkoncerter og musik spillet p\u00e5 violiner, fl\u00f8jter og guitarer. Da Malaga er hjemsted for en stor teknologipark, er det kun passende, at byen har taget ny teknologi til sig; visuel kortl\u00e6gning til at projicere 3D-billeder p\u00e5 historiske bygninger<strong>.<\/strong><\/p>\t\t\t\t\t\t\t\t<\/div>\n\t\t\t\t<\/div>\n\t\t\t\t<div class=\"elementor-element elementor-element-0947723 elementor-widget__width-inherit elementor-widget elementor-widget-heading\" data-id=\"0947723\" data-element_type=\"widget\" data-e-type=\"widget\" data-widget_type=\"heading.default\">\n\t\t\t\t<div class=\"elementor-widget-container\">\n\t\t\t\t\t<h2 class=\"elementor-heading-title elementor-size-default\">Illusion lysshow i den botaniske have<\/h2>\t\t\t\t<\/div>\n\t\t\t\t<\/div>\n\t\t\t\t<div class=\"elementor-element elementor-element-08540ad metrisch elementor-widget elementor-widget-text-editor\" data-id=\"08540ad\" data-element_type=\"widget\" data-e-type=\"widget\" data-widget_type=\"text-editor.default\">\n\t\t\t\t<div class=\"elementor-widget-container\">\n\t\t\t\t\t\t\t\t\t<p>En anden fantastisk familieoplevelse omkring juletid er et bes\u00f8g i <a href=\"https:\/\/www.guidetomalaga.com\/see\/malaga-landmarks\/botannical-gardens-in-malaga\/\" target=\"_blank\" rel=\"noopener\">den botaniske have i M\u00e1laga<\/a> til lysdisplayet &#8220;Illusion: Julen har mange ansigter men \u00e9t hjerte&#8221;. Showet starter den 29. november og l\u00f8ber frem til Helligtrekongersdag (6. januar). Dette er det femte \u00e5r, at haverne deltager i festlighederne, og det skaber en fordybende rejse, der fremh\u00e6ver den naturlige sk\u00f8nhed og monumenter, samtidig med at det skaber et magisk milj\u00f8, herunder en nissesky for b\u00f8rn. Billetter kan k\u00f8bes <strong><a href=\"https:\/\/lucesdelaconcepcion.es\/\" target=\"_blank\" rel=\"noopener\">her<\/a>. <br \/><\/strong><\/p>\t\t\t\t\t\t\t\t<\/div>\n\t\t\t\t<\/div>\n\t\t\t\t<div class=\"elementor-element elementor-element-e556758 elementor-widget__width-inherit elementor-widget elementor-widget-heading\" data-id=\"e556758\" data-element_type=\"widget\" data-e-type=\"widget\" data-widget_type=\"heading.default\">\n\t\t\t\t<div class=\"elementor-widget-container\">\n\t\t\t\t\t<h3 class=\"elementor-heading-title elementor-size-default\">Julekrybbe<\/h3>\t\t\t\t<\/div>\n\t\t\t\t<\/div>\n\t\t\t\t<div class=\"elementor-element elementor-element-2b029a3 elementor-widget elementor-widget-image\" data-id=\"2b029a3\" data-element_type=\"widget\" data-e-type=\"widget\" data-widget_type=\"image.default\">\n\t\t\t\t<div class=\"elementor-widget-container\">\n\t\t\t\t\t\t\t\t\t\t\t\t\t\t\t<img loading=\"lazy\" decoding=\"async\" width=\"800\" height=\"533\" src=\"https:\/\/weberestates.com\/wp-content\/uploads\/2024\/11\/shutterstock_2247551547-1024x682.webp\" class=\"attachment-large size-large wp-image-2059\" alt=\"Jul i M\u00e1laga 2024 - Weber Estates\" srcset=\"https:\/\/weberestates.com\/wp-content\/uploads\/2024\/11\/shutterstock_2247551547-1024x682.webp 1024w, https:\/\/weberestates.com\/wp-content\/uploads\/2024\/11\/shutterstock_2247551547-300x200.webp 300w, https:\/\/weberestates.com\/wp-content\/uploads\/2024\/11\/shutterstock_2247551547-768x512.webp 768w, https:\/\/weberestates.com\/wp-content\/uploads\/2024\/11\/shutterstock_2247551547-1536x1024.webp 1536w, https:\/\/weberestates.com\/wp-content\/uploads\/2024\/11\/shutterstock_2247551547-18x12.webp 18w, https:\/\/weberestates.com\/wp-content\/uploads\/2024\/11\/shutterstock_2247551547.webp 2000w\" sizes=\"auto, (max-width: 800px) 100vw, 800px\" \/>\t\t\t\t\t\t\t\t\t\t\t\t\t\t\t<\/div>\n\t\t\t\t<\/div>\n\t\t\t\t<div class=\"elementor-element elementor-element-29359c8 metrisch elementor-widget elementor-widget-text-editor\" data-id=\"29359c8\" data-element_type=\"widget\" data-e-type=\"widget\" data-widget_type=\"text-editor.default\">\n\t\t\t\t<div class=\"elementor-widget-container\">\n\t\t\t\t\t\t\t\t\t<p>Det ville ikke v\u00e6re jul uden de imponerende julekrybbefremstillinger rundt omkring i M\u00e1laga og desuden ogs\u00e5 i alle andre byer i landet. For eksempel, hvis du er en regelm\u00e6ssig g\u00e6st og allerede har en bolig i Marbella, eller hvis du aktuelt er p\u00e5 udkig efter <a href=\"https:\/\/weberestates.com\/marbella\/\">bolig til salg i Marbella<\/a>, har du m\u00e5ske allerede set de fantastiske skildringer af Jesu f\u00f8dsel p\u00e5 Marbellas Plaza de la Iglesia de la Encarnaci\u00f3n, som er \u00e5bne for offentligheden.<\/p><p>En af de mest imponerende julekrybber i M\u00e1laga by findes ved R\u00e5dhuset, som \u00e5bner kl. 10.00. Andre bem\u00e6rkelsesv\u00e6rdige udstillinger kan ses p\u00e5 Casa Diocesana, Plaza del Obispo samt p\u00e5 Museo de M\u00e1laga og Museo Carmen Thyssen.<\/p>\t\t\t\t\t\t\t\t<\/div>\n\t\t\t\t<\/div>\n\t\t\t\t<div class=\"elementor-element elementor-element-030cbe5 elementor-widget__width-inherit elementor-widget elementor-widget-heading\" data-id=\"030cbe5\" data-element_type=\"widget\" data-e-type=\"widget\" data-widget_type=\"heading.default\">\n\t\t\t\t<div class=\"elementor-widget-container\">\n\t\t\t\t\t<h4 class=\"elementor-heading-title elementor-size-default\">Julemarkeder<\/h4>\t\t\t\t<\/div>\n\t\t\t\t<\/div>\n\t\t\t\t<div class=\"elementor-element elementor-element-15f7ec0 metrisch elementor-widget elementor-widget-text-editor\" data-id=\"15f7ec0\" data-element_type=\"widget\" data-e-type=\"widget\" data-widget_type=\"text-editor.default\">\n\t\t\t\t<div class=\"elementor-widget-container\">\n\t\t\t\t\t\t\t\t\t<p>Der er et bredt udvalg af julemarkeder i M\u00e1laga, herunder Merced-markedet, Soho-markedet, Muelle Uno og det engelske marked, samt mange flere i byerne langs Costa del Sol. Det st\u00f8rste og mest popul\u00e6re marked i M\u00e1laga findes dog i den nyligt renoverede havn. Nyd den livlige stemning, mens du udforsker de mange markedsboder, hvor du kan finde alt fra t\u00f8j til hjemmelavede produkter.<\/p><p>I juletiden omdannes en del af markedet til et julemarked med festlige l\u00e6kkerier og gaver. Der er ogs\u00e5 et andet julemarked, kun f\u00e5 skridt v\u00e6k, p\u00e5 Plaza de la Marina. Hvert \u00e5r finder dette traditionelle julemarked sted p\u00e5 en af M\u00e1lagas mest historiske pladser, hvor du kan finde alt fra julekrybbekostumer til smykker og h\u00e5ndlavede gaver.<\/p>\t\t\t\t\t\t\t\t<\/div>\n\t\t\t\t<\/div>\n\t\t\t\t<div class=\"elementor-element elementor-element-73d107f elementor-widget__width-inherit elementor-widget elementor-widget-heading\" data-id=\"73d107f\" data-element_type=\"widget\" data-e-type=\"widget\" data-widget_type=\"heading.default\">\n\t\t\t\t<div class=\"elementor-widget-container\">\n\t\t\t\t\t<h4 class=\"elementor-heading-title elementor-size-default\"><a href=\"https:\/\/www.saboramalaga.es\/es\/la-marca\/actividades-y-programas\/eventos-y-ferias\" target=\"_blank\" rel=\"noopener\">Sabor a M\u00e1laga food madmesse<\/a><\/h4>\t\t\t\t<\/div>\n\t\t\t\t<\/div>\n\t\t\t\t<div class=\"elementor-element elementor-element-f4c2906 metrisch elementor-widget elementor-widget-text-editor\" data-id=\"f4c2906\" data-element_type=\"widget\" data-e-type=\"widget\" data-widget_type=\"text-editor.default\">\n\t\t\t\t<div class=\"elementor-widget-container\">\n\t\t\t\t\t\t\t\t\t<p>Hvis du nyder lokale f\u00f8devarer af h\u00f8j kvalitet, herunder ost, charcuteri, olivenolie, chokolade og meget mere, b\u00f8r du tage til Sabor a M\u00e1laga, den 6-dages julemesse. Udover boderne vil der v\u00e6re foodtrucks, musik og madlavningsdemonstrationer i Eduardo Ocon-auditoriet. Messen finder sted p\u00e5 Paseo del Parque mellem kl. 11.00 og 14.00. (\u00c5bningsdatoerne er endnu ikke bekr\u00e6ftet, s\u00e5 hold \u00f8je med opdateringer!)<\/p>\t\t\t\t\t\t\t\t<\/div>\n\t\t\t\t<\/div>\n\t\t\t\t<div class=\"elementor-element elementor-element-e60ff99 elementor-widget__width-inherit elementor-widget elementor-widget-heading\" data-id=\"e60ff99\" data-element_type=\"widget\" data-e-type=\"widget\" data-widget_type=\"heading.default\">\n\t\t\t\t<div class=\"elementor-widget-container\">\n\t\t\t\t\t<h4 class=\"elementor-heading-title elementor-size-default\">December s\u00f8ndagsshopping i M\u00e1laga<\/h4>\t\t\t\t<\/div>\n\t\t\t\t<\/div>\n\t\t\t\t<div class=\"elementor-element elementor-element-30ead38 metrisch elementor-widget elementor-widget-text-editor\" data-id=\"30ead38\" data-element_type=\"widget\" data-e-type=\"widget\" data-widget_type=\"text-editor.default\">\n\t\t\t\t<div class=\"elementor-widget-container\">\n\t\t\t\t\t\t\t\t\t<p>Butikkerne i Spanien er normalt lukkede om s\u00f8ndagen, medmindre der gives s\u00e6rlig dispensation, som for eksempel i juletiden. Det betyder, at fra s\u00f8ndag den 8. december vil st\u00f8rre butikker kunne holde \u00e5bent p\u00e5 s\u00f8ndage resten af m\u00e5neden, hvilket giver flere muligheder for at finde de perfekte gaver.<\/p>\t\t\t\t\t\t\t\t<\/div>\n\t\t\t\t<\/div>\n\t\t\t\t<div class=\"elementor-element elementor-element-e247225 elementor-widget__width-inherit elementor-widget elementor-widget-heading\" data-id=\"e247225\" data-element_type=\"widget\" data-e-type=\"widget\" data-widget_type=\"heading.default\">\n\t\t\t\t<div class=\"elementor-widget-container\">\n\t\t\t\t\t<h4 class=\"elementor-heading-title elementor-size-default\">Julehelligdage i 2024<\/h4>\t\t\t\t<\/div>\n\t\t\t\t<\/div>\n\t\t\t\t<div class=\"elementor-element elementor-element-1ec626b metrisch elementor-widget elementor-widget-text-editor\" data-id=\"1ec626b\" data-element_type=\"widget\" data-e-type=\"widget\" data-widget_type=\"text-editor.default\">\n\t\t\t\t<div class=\"elementor-widget-container\">\n\t\t\t\t\t\t\t\t\t<p>Selvom de to helligdage i begyndelsen af december teknisk set ikke er direkte relateret til julen, markerer de ofte starten p\u00e5 festperioden i mange menneskers sind. Den 6. december, Grundlovsdag, og den 8. december, Helligdommens Dag (Immaculate Conception), er begge nationale helligdage i Spanien. I \u00e5r (2024) falder den 8. december p\u00e5 en s\u00f8ndag, hvilket betyder, at ferien vil blive overf\u00f8rt til mandag den 9. december.<\/p><p>Juledag, den 25. december, falder p\u00e5 en onsdag, og det er en officiel helligdag, som efterf\u00f8lges af en normal arbejdsdag den 26. december. Den n\u00e6ste helligdag er den 1. januar 2025, hvor det nye \u00e5r fejres, og der er endnu en helligdag mandag den 6. januar, Helligtrekongersdag, en s\u00e6rlig dag hvor spanske b\u00f8rn traditionelt modtager deres gaver.<\/p><p>Dette er selvf\u00f8lgelig kun et lille udsnit af, hvordan det er at fejre jul i M\u00e1laga i 2024. Der vil v\u00e6re mange andre sp\u00e6ndende begivenheder, s\u00e5som koncerter, balletforestillinger, julesang, lysshows, udstillinger, markeder og meget mere, der vil sprede julestemning over hele byen.<\/p><p>\u00d8nsker du mere information om udvalget af luksusejendomme til salg p\u00e5 Costa del Sol, hvad enten du leder efter et <a href=\"https:\/\/weberestates.com\/boliger\/?ref=&amp;location%5B%5D=Marbella&amp;property_types%5B%5D=2-2&amp;beds=&amp;min=0&amp;max=90000000\">sommerhus i Marbella<\/a>, en <a href=\"https:\/\/weberestates.com\/boliger\/?ref=&amp;location%5B%5D=Fuengirola&amp;beds=&amp;min=0&amp;max=90000000\">investeringsejendom i Fuengirola<\/a> eller <a href=\"https:\/\/weberestates.com\/boliger\/?ref=&amp;location%5B%5D=Benalmadena&amp;property_types%5B%5D=1-1&amp;beds=&amp;min=0&amp;max=90000000\">moderne lejligheder til salg i Benalmadena<\/a>, s\u00e5 kontakt Birgitte p\u00e5 <a href=\"birgitte@weberestates.com\">birgitte@weberestates<\/a> .com eller ring p\u00e5 <a href=\"tel:+34683391512\">+34 683 391 512<\/a>.<\/p>\t\t\t\t\t\t\t\t<\/div>\n\t\t\t\t<\/div>\n\t\t\t\t<div class=\"elementor-element elementor-element-d1bebb8 elementor-widget-divider--view-line elementor-widget elementor-widget-divider\" data-id=\"d1bebb8\" data-element_type=\"widget\" data-e-type=\"widget\" data-widget_type=\"divider.default\">\n\t\t\t\t<div class=\"elementor-widget-container\">\n\t\t\t\t\t\t\t<div class=\"elementor-divider\">\n\t\t\t<span class=\"elementor-divider-separator\">\n\t\t\t\t\t\t<\/span>\n\t\t<\/div>\n\t\t\t\t\t\t<\/div>\n\t\t\t\t<\/div>\n\t\t\t\t<div class=\"elementor-element elementor-element-0a35e43 elementor-widget__width-inherit elementor-widget elementor-widget-heading\" data-id=\"0a35e43\" data-element_type=\"widget\" data-e-type=\"widget\" data-widget_type=\"heading.default\">\n\t\t\t\t<div class=\"elementor-widget-container\">\n\t\t\t\t\t<h2 class=\"elementor-heading-title elementor-size-default\">Ofte stillede sp\u00f8rgsm\u00e5l<\/h2>\t\t\t\t<\/div>\n\t\t\t\t<\/div>\n\t\t\t\t<div class=\"elementor-element elementor-element-6bc5fc8 elementor-widget elementor-widget-html\" data-id=\"6bc5fc8\" data-element_type=\"widget\" data-e-type=\"widget\" data-no-translation=\"\" data-widget_type=\"html.default\">\n\t\t\t\t<div class=\"elementor-widget-container\">\n\t\t\t\t\t<style>.elementor-element-6bc5fc8{display:none !important}<\/style>\t\t\t\t<\/div>\n\t\t\t\t<\/div>\n\t\t\t\t<div class=\"elementor-element elementor-element-6714afa elementor-widget elementor-widget-html\" data-id=\"6714afa\" data-element_type=\"widget\" data-e-type=\"widget\" data-no-translation=\"\" data-widget_type=\"html.default\">\n\t\t\t\t<div class=\"elementor-widget-container\">\n\t\t\t\t\t<style>.elementor-element-6714afa{display:none !important}<\/style>\t\t\t\t<\/div>\n\t\t\t\t<\/div>\n\t\t\t\t<div class=\"elementor-element elementor-element-e29a872 elementor-widget elementor-widget-html\" data-id=\"e29a872\" data-element_type=\"widget\" data-e-type=\"widget\" data-no-translation=\"\" data-widget_type=\"html.default\">\n\t\t\t\t<div class=\"elementor-widget-container\">\n\t\t\t\t\t<div class=\"wp-block-rank-math-faq-block\"><div class=\"rank-math-faq-item\"><h3 class=\"rank-math-question\"><strong>What type of property for sale in Marbella is in the highest demand?<\/strong><\/h3><div class=\"rank-math-answer\">Unsurprisingly, after the Covid lockdowns, buyers are focusing on Marbella properties with outdoor space and wellness facilities. These features are in addition to luxury, exclusivity and privacy, which are essential to buyers in the premium property market.<\/div><\/div><div class=\"rank-math-faq-item\"><h3 class=\"rank-math-question\"><strong>Which are the most sought-after areas for luxury Marbella property?<\/strong><\/h3><div class=\"rank-math-answer\">The most exclusive residential areas in Marbella are Nag\u00fceles, Sierra Blanca, El Madro\u00f1al and of course southern Spain\u2019s most well-known stretch of coastline, Marbella\u2019s Golden Mile. Although not strictly part of Marbella, La Zagaleta, Benahav\u00eds is also often on the radar of buyers considering purchasing luxury property in Marbella.<\/div><\/div><div class=\"rank-math-faq-item\"><h3 class=\"rank-math-question\"><strong>Which type of buyers are interested in Marbella Property?<\/strong><\/h3><div class=\"rank-math-answer\">Figures from Idealista.com, show that in 2023 international buyers made up 33.7% of the Marbella property and 33% of properties in M\u00e1laga Province were purchased by overseas buyers. Wealthy UK buyers account for largest percentage of overall purchases (15%), followed by Northern Europeans, with the majority of these buyers from Sweden and the Netherlands (8% respectively).<\/div><\/div><\/div>\t\t\t\t<\/div>\n\t\t\t\t<\/div>\n\t\t\t\t<div class=\"elementor-element elementor-element-9a643bd elementor-widget elementor-widget-html\" data-id=\"9a643bd\" data-element_type=\"widget\" data-e-type=\"widget\" data-no-translation=\"\" data-widget_type=\"html.default\">\n\t\t\t\t<div class=\"elementor-widget-container\">\n\t\t\t\t\t<script type=\"application\/ld+json\">\n{\n  \"@context\": \"https:\/\/schema.org\",\n  \"@type\": \"FAQPage\",\n  \"mainEntity\": [\n    {\n      \"@type\": \"Question\",\n      \"name\": \"What type of property for sale in Marbella is in the highest demand?\",\n      \"acceptedAnswer\": {\n        \"@type\": \"Answer\",\n        \"text\": \"Unsurprisingly, after the Covid lockdowns, buyers are focusing on Marbella properties with outdoor space and wellness facilities. These features are in addition to luxury, exclusivity and privacy, which are essential to buyers in the premium property market.\"\n      }\n    },\n    {\n      \"@type\": \"Question\",\n      \"name\": \"Which are the most sought-after areas for luxury Marbella property?\",\n      \"acceptedAnswer\": {\n        \"@type\": \"Answer\",\n        \"text\": \"The most exclusive residential areas in Marbella are Nag\u00fceles, Sierra Blanca, El Madro\u00f1al and of course southern Spain\u2019s most well-known stretch of coastline, Marbella\u2019s Golden Mile. Although not strictly part of Marbella, La Zagaleta, Benahav\u00eds is also often on the radar of buyers considering purchasing luxury property in Marbella.\"\n      }\n    },\n    {\n      \"@type\": \"Question\",\n      \"name\": \"Which type of buyers are interested in Marbella Property?\",\n      \"acceptedAnswer\": {\n        \"@type\": \"Answer\",\n        \"text\": \"Figures from Idealista.com, show that in 2023 international buyers made up 33.7% of the Marbella property and 33% of properties in M\u00e1laga Province were purchased by overseas buyers. Wealthy UK buyers account for largest percentage of overall purchases (15%), followed by Northern Europeans, with the majority of these buyers from Sweden and the Netherlands (8% respectively).\"\n      }\n    }\n  ]\n}\n<\/script>\n\t\t\t\t<\/div>\n\t\t\t\t<\/div>\n\t\t\t\t<div class=\"elementor-element elementor-element-689e3f7 elementor-widget elementor-widget-spacer\" data-id=\"689e3f7\" data-element_type=\"widget\" data-e-type=\"widget\" data-widget_type=\"spacer.default\">\n\t\t\t\t<div class=\"elementor-widget-container\">\n\t\t\t\t\t\t\t<div class=\"elementor-spacer\">\n\t\t\t<div class=\"elementor-spacer-inner\"><\/div>\n\t\t<\/div>\n\t\t\t\t\t\t<\/div>\n\t\t\t\t<\/div>\n\t\t\t\t<\/div>\n\t\t<div class=\"elementor-element elementor-element-999fa6a e-con-full e-flex e-con e-child\" data-id=\"999fa6a\" data-element_type=\"container\" data-e-type=\"container\">\n\t\t\t\t<\/div>\n\t\t\t\t\t<\/div>\n\t\t\t\t<\/div>\n\t\t<div class=\"elementor-element elementor-element-874c09a e-flex e-con-boxed e-con e-parent\" data-id=\"874c09a\" data-element_type=\"container\" data-e-type=\"container\">\n\t\t\t\t\t<div class=\"e-con-inner\">\n\t\t\t\t\t<\/div>\n\t\t\t\t<\/div>\n\t\t\t\t<\/div>\n\t\t","protected":false},"excerpt":{"rendered":"<p>Wintering on the Costa del Sol is popular for those seeking warmth, sun and a unique Christmas in southern Spain.<\/p>","protected":false},"author":2,"featured_media":2059,"comment_status":"closed","ping_status":"closed","sticky":false,"template":"","format":"standard","meta":{"_acf_changed":false,"content-type":"","footnotes":""},"categories":[27],"tags":[32,31],"class_list":["post-2057","post","type-post","status-publish","format-standard","has-post-thumbnail","hentry","category-news","tag-boliger","tag-costa-del-sol"],"acf":[],"_links":{"self":[{"href":"https:\/\/weberestates.com\/en\/wp-json\/wp\/v2\/posts\/2057","targetHints":{"allow":["GET"]}}],"collection":[{"href":"https:\/\/weberestates.com\/en\/wp-json\/wp\/v2\/posts"}],"about":[{"href":"https:\/\/weberestates.com\/en\/wp-json\/wp\/v2\/types\/post"}],"author":[{"embeddable":true,"href":"https:\/\/weberestates.com\/en\/wp-json\/wp\/v2\/users\/2"}],"replies":[{"embeddable":true,"href":"https:\/\/weberestates.com\/en\/wp-json\/wp\/v2\/comments?post=2057"}],"version-history":[{"count":30,"href":"https:\/\/weberestates.com\/en\/wp-json\/wp\/v2\/posts\/2057\/revisions"}],"predecessor-version":[{"id":2986,"href":"https:\/\/weberestates.com\/en\/wp-json\/wp\/v2\/posts\/2057\/revisions\/2986"}],"wp:featuredmedia":[{"embeddable":true,"href":"https:\/\/weberestates.com\/en\/wp-json\/wp\/v2\/media\/2059"}],"wp:attachment":[{"href":"https:\/\/weberestates.com\/en\/wp-json\/wp\/v2\/media?parent=2057"}],"wp:term":[{"taxonomy":"category","embeddable":true,"href":"https:\/\/weberestates.com\/en\/wp-json\/wp\/v2\/categories?post=2057"},{"taxonomy":"post_tag","embeddable":true,"href":"https:\/\/weberestates.com\/en\/wp-json\/wp\/v2\/tags?post=2057"}],"curies":[{"name":"wp","href":"https:\/\/api.w.org\/{rel}","templated":true}]}}